{"id":13786,"date":"2023-03-15T18:38:04","date_gmt":"2023-03-15T21:38:04","guid":{"rendered":"https:\/\/jornalcorporativo.com.br\/?p=13786"},"modified":"2023-03-15T18:38:09","modified_gmt":"2023-03-15T21:38:09","slug":"por-que-ainda-se-usa-exame-de-toque-para-diagnostico-de-cancer-de-prostata","status":"publish","type":"post","link":"https:\/\/jornalcorporativo.com.br\/en\/saude-natural\/por-que-ainda-se-usa-exame-de-toque-para-diagnostico-de-cancer-de-prostata\/","title":{"rendered":"Por que ainda se usa exame de toque para diagn\u00f3stico de c\u00e2ncer de pr\u00f3stata"},"content":{"rendered":"<p class=\"wp-block-paragraph\">O exame de toque retal para determinar a exist\u00eancia de c\u00e2ncer da pr\u00f3stata est\u00e1 agora sendo questionado. Um quadro internacional de especialistas sugeriu recentemente a substitui\u00e7\u00e3o do exame de &#8220;vigil\u00e2ncia ativa&#8221; por imagens de resson\u00e2ncia magn\u00e9tica.<\/p>\n\n\n\n<p class=\"wp-block-paragraph\">Esta not\u00edcia pode ser comemorada como o fim de um exame m\u00e9dico intrusivo, gra\u00e7as ao avan\u00e7o da tecnologia. Mas o que \u00e9 exatamente o exame de toque retal e quais s\u00e3o as consequ\u00eancias da sua substitui\u00e7\u00e3o?<br>O exame de toque retal consiste na verifica\u00e7\u00e3o da parede retal, feita por um m\u00e9dico, que insere um dedo atrav\u00e9s do \u00e2nus do paciente. Isso faz com que o profissional tenha acesso \u00e0 gl\u00e2ndula prost\u00e1tica, ajudando-o a encontrar sinais de c\u00e2ncer.<\/p>\n\n\n\n<p class=\"wp-block-paragraph\">Este tipo de exame foi o \u00fanico m\u00e9todo dispon\u00edvel para verificar a exist\u00eancia de c\u00e2ncer da pr\u00f3stata at\u00e9 1986, quando surgiu o exame de ant\u00edgeno prost\u00e1tico espec\u00edfico (PSA, na sigla em ingl\u00eas), feito com sangue extra\u00eddo do paciente.<\/p>\n\n\n\n<p class=\"wp-block-paragraph\">O exame de toque retal pode tamb\u00e9m ser utilizado para detectar outros tipos de c\u00e2ncer, como o c\u00e2ncer retal e anal. Ele pode ainda servir para verificar se h\u00e1 fezes retidas em pessoas com pris\u00e3o de ventre e em outras circunst\u00e2ncias.<\/p>\n\n\n\n<p class=\"wp-block-paragraph\">Nas mulheres, o exame de toque retal \u00e9 usado para verificar a ocorr\u00eancia de c\u00e2ncer, incluindo a dissemina\u00e7\u00e3o de c\u00e2ncer do ov\u00e1rio.<\/p>\n\n\n\n<p class=\"wp-block-paragraph\">Se executado corretamente, o exame n\u00e3o deve ser muito desconfort\u00e1vel. E a privacidade e a boa comunica\u00e7\u00e3o podem ajudar muito a superar o eventual constrangimento.<\/p>\n\n\n\n<p class=\"wp-block-paragraph\">Todos os estudantes de medicina aprendem a fazer o exame. Muitos ouviram por gera\u00e7\u00f5es que, ao examinar os pacientes, &#8220;se n\u00e3o puser o dedo, pode acabar metendo os p\u00e9s pelas m\u00e3os&#8221;.<\/p>\n\n\n\n<p class=\"wp-block-paragraph\">A pr\u00f3stata \u00e9 uma gl\u00e2ndula do tamanho de uma noz. Ela fica na p\u00e9lvis e rodeia a uretra quando ela sai da bexiga. Convenientemente, ela fica ao lado do reto e \u00e9 facilmente percebida pelo dedo durante o exame.<\/p>\n\n\n\n<p class=\"wp-block-paragraph\">Se estiver inflamada, como no caso da prostatite, ela ficar\u00e1 sens\u00edvel. E, quando h\u00e1 crescimento benigno da pr\u00f3stata, o que acontece na meia-idade e causa retra\u00e7\u00e3o do fluxo urin\u00e1rio, a pr\u00f3stata ir\u00e1 parecer inchada.<\/p>\n\n\n\n<p class=\"wp-block-paragraph\">No caso de c\u00e2ncer da pr\u00f3stata, a superf\u00edcie pode ser irregular e a textura firme ao toque. Mas \u00e9 muito comum que o c\u00e2ncer da pr\u00f3stata n\u00e3o seja detectado nos est\u00e1gios iniciais da doen\u00e7a.<\/p>\n\n\n\n<p class=\"wp-block-paragraph\">O fim das luvas<br>O sistema de faculdades de medicina do Reino Unido, acertadamente, dedica grande \u00eanfase ao aprendizado de bons conhecimentos cl\u00ednicos.<\/p>\n\n\n\n<p class=\"wp-block-paragraph\">A depend\u00eancia excessiva da tecnologia \u00e9 considerada um poss\u00edvel desperd\u00edcio dos escassos recursos dispon\u00edveis. Al\u00e9m disso, aparentemente, os pacientes gostam de pensar que seus m\u00e9dicos t\u00eam experi\u00eancia em diagn\u00f3sticos cl\u00ednicos.<\/p>\n\n\n\n<p class=\"wp-block-paragraph\">Mas existem momentos em que a tecnologia oferece maior precis\u00e3o para encontrar doen\u00e7as, especialmente quando elas est\u00e3o nos seus est\u00e1gios iniciais.<\/p>","protected":false},"excerpt":{"rendered":"<p>Ainda que seja invasivo, ele \u00e9 bastante efetivo e barato. H\u00e1, contudo, uma discuss\u00e3o no meio m\u00e9dico sobre sua poss\u00edvel substitui\u00e7\u00e3o<\/p>","protected":false},"author":3,"featured_media":13788,"comment_status":"open","ping_status":"open","sticky":false,"template":"","format":"standard","meta":{"_crdt_document":"","footnotes":""},"categories":[8],"tags":[],"class_list":["post-13786","post","type-post","status-publish","format-standard","has-post-thumbnail","hentry","category-saude-natural"],"brizy_media":[],"_links":{"self":[{"href":"https:\/\/jornalcorporativo.com.br\/en\/wp-json\/wp\/v2\/posts\/13786","targetHints":{"allow":["GET"]}}],"collection":[{"href":"https:\/\/jornalcorporativo.com.br\/en\/wp-json\/wp\/v2\/posts"}],"about":[{"href":"https:\/\/jornalcorporativo.com.br\/en\/wp-json\/wp\/v2\/types\/post"}],"author":[{"embeddable":true,"href":"https:\/\/jornalcorporativo.com.br\/en\/wp-json\/wp\/v2\/users\/3"}],"replies":[{"embeddable":true,"href":"https:\/\/jornalcorporativo.com.br\/en\/wp-json\/wp\/v2\/comments?post=13786"}],"version-history":[{"count":0,"href":"https:\/\/jornalcorporativo.com.br\/en\/wp-json\/wp\/v2\/posts\/13786\/revisions"}],"wp:featuredmedia":[{"embeddable":true,"href":"https:\/\/jornalcorporativo.com.br\/en\/wp-json\/wp\/v2\/media\/13788"}],"wp:attachment":[{"href":"https:\/\/jornalcorporativo.com.br\/en\/wp-json\/wp\/v2\/media?parent=13786"}],"wp:term":[{"taxonomy":"category","embeddable":true,"href":"https:\/\/jornalcorporativo.com.br\/en\/wp-json\/wp\/v2\/categories?post=13786"},{"taxonomy":"post_tag","embeddable":true,"href":"https:\/\/jornalcorporativo.com.br\/en\/wp-json\/wp\/v2\/tags?post=13786"}],"curies":[{"name":"wp","href":"https:\/\/api.w.org\/{rel}","templated":true}]}}