{"id":13808,"date":"2023-03-16T18:21:42","date_gmt":"2023-03-16T21:21:42","guid":{"rendered":"https:\/\/jornalcorporativo.com.br\/?p=13808"},"modified":"2023-03-16T18:21:46","modified_gmt":"2023-03-16T21:21:46","slug":"presidente-da-fifa-promete-pagar-o-mesmo-a-homens-e-mulheres-em-2026","status":"publish","type":"post","link":"https:\/\/jornalcorporativo.com.br\/en\/esportes\/presidente-da-fifa-promete-pagar-o-mesmo-a-homens-e-mulheres-em-2026\/","title":{"rendered":"Presidente da Fifa promete pagar o mesmo a homens e mulheres em 2026"},"content":{"rendered":"<p class=\"wp-block-paragraph\">O presidente da Fifa, Gianni Infantino, anunciou nesta quinta-feira, minutos ap\u00f3s ter sido reeleito para mais um mandato, que planeja pagar a mulheres e homens os mesmos valores pela participa\u00e7\u00e3o nas pr\u00f3ximas Copas do Mundo \u2013 a de 2026 para os homens, a de 2027 para as mulheres. Hoje a diferen\u00e7a \u00e9 brutal \u2013 e j\u00e1 foi muito maior.<\/p>\n\n\n\n<ul class=\"wp-block-list\">\n<li>Precisamos lutar juntos para conseguir isso. Nossa ambi\u00e7\u00e3o \u00e9 que em 2026 e 2027 tenhamos pagamentos iguais para homens e mulheres &#8211; afirmou Infantino<\/li>\n<\/ul>\n\n\n\n<p class=\"wp-block-paragraph\">A Copa do Mundo Feminina de 2023 vai distribuir US$ 152 milh\u00f5es entre pr\u00eamios e verba de prepara\u00e7\u00e3o para as 32 sele\u00e7\u00f5es que v\u00e3o disputar o torneio, entre julho e agosto na Nova Zel\u00e2ndia e na Austr\u00e1lia. Isso \u00e9 quase tr\u00eas vezes menos do que os US$ 440 milh\u00f5es da Copa do Mundo dos homens, realizada no Qatar em 2022.<\/p>\n\n\n\n<p class=\"wp-block-paragraph\">Infantino admitiu que a Fifa tem muito a fazer sobre o assunto, mas aproveitou o p\u00falpito do Congresso da entidade em Kigali, Ruanda, para chamar a aten\u00e7\u00e3o dos parceiros comerciais da entidade \u2013 notoriamente patrocinadores e compradores de direitos de transmiss\u00e3o.<\/p>\n\n\n\n<p class=\"wp-block-paragraph\">\u2013 As empresas oferecem um valor para a Copa do Mundo e outro, 100 vezes menor, para a Copa de mulheres. Isso \u00e9 normal? Ao mesmo tempo, somos criticados por pagar menos para as mulheres. Se as ofertas fossem 15% menores, 20% menores, a Fifa conseguiria compensar. Mas 100 vezes menos? &#8211; questionou.<\/p>\n\n\n\n<p class=\"wp-block-paragraph\">O presidente da Fifa anunciou a cria\u00e7\u00e3o de um departamento comercial e de marketing dedicado exclusivamente ao futebol feminino. E avisou que a entidade est\u00e1 disposta a n\u00e3o aceitar propostas que n\u00e3o atingirem um patamar aceit\u00e1vel pelos torneios femininos \u2013 n\u00e3o apenas a Copa do Mundo.<\/p>\n\n\n\n<p class=\"wp-block-paragraph\">\u2013 Elas merecem mais, e n\u00f3s vamos lutar por elas. Estamos confiantes de que vamos conseguir.<\/p>\n\n\n\n<p class=\"wp-block-paragraph\">A era Infantino na Fifa<br>Reeleito nesta quinta, Infantino foi eleito pela primeira vez em 2016, na esteira do Fifagate, para completar o mandato de Joseph Blatter, que renunciou em meio ao maior esc\u00e2ndalo de corrup\u00e7\u00e3o da hist\u00f3ria do esporte. O dirigente foi reeleito em 2019 sem oposi\u00e7\u00e3o, situa\u00e7\u00e3o que se repete agora. Em 2027, Infantino poder\u00e1 tentar sua \u00faltima reelei\u00e7\u00e3o \u2013 se vencer e concluir seu mandato, ter\u00e1 ficado no poder durante 15 anos.<\/p>","protected":false},"excerpt":{"rendered":"<p>Infantino admitiu que a Fifa tem muito a fazer, mas aproveitou Congresso, para chamar a aten\u00e7\u00e3o dos parceiros comerciais<\/p>","protected":false},"author":3,"featured_media":13809,"comment_status":"open","ping_status":"open","sticky":false,"template":"","format":"standard","meta":{"_crdt_document":"","footnotes":""},"categories":[6],"tags":[],"class_list":["post-13808","post","type-post","status-publish","format-standard","has-post-thumbnail","hentry","category-esportes"],"brizy_media":[],"_links":{"self":[{"href":"https:\/\/jornalcorporativo.com.br\/en\/wp-json\/wp\/v2\/posts\/13808","targetHints":{"allow":["GET"]}}],"collection":[{"href":"https:\/\/jornalcorporativo.com.br\/en\/wp-json\/wp\/v2\/posts"}],"about":[{"href":"https:\/\/jornalcorporativo.com.br\/en\/wp-json\/wp\/v2\/types\/post"}],"author":[{"embeddable":true,"href":"https:\/\/jornalcorporativo.com.br\/en\/wp-json\/wp\/v2\/users\/3"}],"replies":[{"embeddable":true,"href":"https:\/\/jornalcorporativo.com.br\/en\/wp-json\/wp\/v2\/comments?post=13808"}],"version-history":[{"count":0,"href":"https:\/\/jornalcorporativo.com.br\/en\/wp-json\/wp\/v2\/posts\/13808\/revisions"}],"wp:featuredmedia":[{"embeddable":true,"href":"https:\/\/jornalcorporativo.com.br\/en\/wp-json\/wp\/v2\/media\/13809"}],"wp:attachment":[{"href":"https:\/\/jornalcorporativo.com.br\/en\/wp-json\/wp\/v2\/media?parent=13808"}],"wp:term":[{"taxonomy":"category","embeddable":true,"href":"https:\/\/jornalcorporativo.com.br\/en\/wp-json\/wp\/v2\/categories?post=13808"},{"taxonomy":"post_tag","embeddable":true,"href":"https:\/\/jornalcorporativo.com.br\/en\/wp-json\/wp\/v2\/tags?post=13808"}],"curies":[{"name":"wp","href":"https:\/\/api.w.org\/{rel}","templated":true}]}}