{"id":14352,"date":"2023-04-20T17:45:54","date_gmt":"2023-04-20T20:45:54","guid":{"rendered":"https:\/\/jornalcorporativo.com.br\/?p=14352"},"modified":"2023-04-20T17:45:58","modified_gmt":"2023-04-20T20:45:58","slug":"biden-pede-us-500-milhoes-para-fundo-amazonia","status":"publish","type":"post","link":"https:\/\/jornalcorporativo.com.br\/en\/internacional\/biden-pede-us-500-milhoes-para-fundo-amazonia\/","title":{"rendered":"Biden pede US$ 500 milh\u00f5es para Fundo Amaz\u00f4nia"},"content":{"rendered":"<p class=\"wp-block-paragraph\">O presidente dos Estados Unidos, Joe Biden, anunciou nesta quinta-feira (20) oficialmente que pedir\u00e1 a seu Congresso US$ 500 milh\u00f5es (cerca de R$ 2,5 bilh\u00f5es) para o Fundo Amaz\u00f4nia, o programa do governo brasileiro que financia a\u00e7\u00f5es de combate ao desmatamento na Floresta Amaz\u00f4nica com verba de governos estrangeiros.<\/p>\n\n\n\n<p class=\"wp-block-paragraph\">O valor \u00e9 dez vezes mais que o inicialmente planejado por Washington em fevereiro, quando os Estados Unidos anunciaram inten\u00e7\u00e3o de aderir ao fundo brasileiro, que financia a\u00e7\u00f5es de combate ao desmatamento. O governo brasileiro, segundo o blog da Julia Duailibi, se desapontou com a quantia.<br>&#8220;Eu vou pedir verbas para contribuir com US$ 500 milh\u00f5es para o Fundo Amaz\u00f4nia e todas as outras atividades relacionadas ao clima nos pr\u00f3ximos cinco anos para ajudar o Brasil a renovar seus esfor\u00e7os para acabar com o desmatamento at\u00e9 2030&#8221;, declarou Biden durante um f\u00f3rum virtual sobre clima e energia realizado pelos Estados Unidos com l\u00edderes de 26 pa\u00edses que s\u00e3o os maiores emissores de gases do efeito estufa.<\/p>\n\n\n\n<p class=\"wp-block-paragraph\">O presidente Luiz In\u00e1cio Lula da Silva participou do encontro.<\/p>\n\n\n\n<p class=\"wp-block-paragraph\">Mais cedo, a Casa Branca j\u00e1 havia informado, em um documento, a inten\u00e7\u00e3o de Biden de pedir o valor mais alto ao Congresso, horas depois de o Conselheiro de Seguran\u00e7a de Biden, Jake Sullivan, e o assessor do presidente Luiz In\u00e1cio Lula da Silva para Assuntos Internacionais, o ex-chanceler Celso Amorim, falarem ao telefone.<\/p>\n\n\n\n<p class=\"wp-block-paragraph\">O valor anunciado \u00e9 dez vezes mais que o inicialmente planejado por Washington em fevereiro, quando os Estados Unidos anunciaram inten\u00e7\u00e3o de aderir ao Fundo Amaz\u00f4nia, durante encontro entre Lula e Biden.<\/p>\n\n\n\n<p class=\"wp-block-paragraph\">Na reuni\u00e3o, ele pediu para que as &#8220;divis\u00f5es geopol\u00edticas&#8221; n\u00e3o atrapalhem o trabalho dos pa\u00edses de combate ao aquecimento global. A fala de Biden vem em uma semana de conflitos diplom\u00e1ticos entre Bras\u00edlia e Washington por conta de falas de Lula durante visita \u00e0 China na semana passada.<\/p>","protected":false},"excerpt":{"rendered":"<p>Presidente dos EUA fez an\u00fancio, adiantado pela Casa Branca, durante de f\u00f3rum sobre clima e energia com l\u00edderes mundiais<\/p>","protected":false},"author":3,"featured_media":14353,"comment_status":"open","ping_status":"open","sticky":false,"template":"","format":"standard","meta":{"_crdt_document":"","footnotes":""},"categories":[2],"tags":[],"class_list":["post-14352","post","type-post","status-publish","format-standard","has-post-thumbnail","hentry","category-internacional"],"brizy_media":[],"_links":{"self":[{"href":"https:\/\/jornalcorporativo.com.br\/en\/wp-json\/wp\/v2\/posts\/14352","targetHints":{"allow":["GET"]}}],"collection":[{"href":"https:\/\/jornalcorporativo.com.br\/en\/wp-json\/wp\/v2\/posts"}],"about":[{"href":"https:\/\/jornalcorporativo.com.br\/en\/wp-json\/wp\/v2\/types\/post"}],"author":[{"embeddable":true,"href":"https:\/\/jornalcorporativo.com.br\/en\/wp-json\/wp\/v2\/users\/3"}],"replies":[{"embeddable":true,"href":"https:\/\/jornalcorporativo.com.br\/en\/wp-json\/wp\/v2\/comments?post=14352"}],"version-history":[{"count":0,"href":"https:\/\/jornalcorporativo.com.br\/en\/wp-json\/wp\/v2\/posts\/14352\/revisions"}],"wp:featuredmedia":[{"embeddable":true,"href":"https:\/\/jornalcorporativo.com.br\/en\/wp-json\/wp\/v2\/media\/14353"}],"wp:attachment":[{"href":"https:\/\/jornalcorporativo.com.br\/en\/wp-json\/wp\/v2\/media?parent=14352"}],"wp:term":[{"taxonomy":"category","embeddable":true,"href":"https:\/\/jornalcorporativo.com.br\/en\/wp-json\/wp\/v2\/categories?post=14352"},{"taxonomy":"post_tag","embeddable":true,"href":"https:\/\/jornalcorporativo.com.br\/en\/wp-json\/wp\/v2\/tags?post=14352"}],"curies":[{"name":"wp","href":"https:\/\/api.w.org\/{rel}","templated":true}]}}