{"id":14541,"date":"2023-05-09T18:03:49","date_gmt":"2023-05-09T21:03:49","guid":{"rendered":"https:\/\/jornalcorporativo.com.br\/?p=14541"},"modified":"2023-05-09T18:03:53","modified_gmt":"2023-05-09T21:03:53","slug":"rio-de-janeiro-sediara-cupula-dos-chefes-de-estado-do-g20-em-2024","status":"publish","type":"post","link":"https:\/\/jornalcorporativo.com.br\/en\/brasil\/rio-de-janeiro-sediara-cupula-dos-chefes-de-estado-do-g20-em-2024\/","title":{"rendered":"Rio de Janeiro sediar\u00e1 c\u00fapula dos chefes de Estado do G20 em 2024"},"content":{"rendered":"<p class=\"wp-block-paragraph\">O Rio de Janeiro foi escolhido como sede da c\u00fapula do G20 em 2024. O encontro, previsto para novembro, vai reunir chefes de Estado das 20 maiores economias do mundo mais representantes de 10 na\u00e7\u00f5es convidadas.<\/p>\n\n\n\n<p class=\"wp-block-paragraph\">Em 2022, a c\u00fapula foi em Bali, na Indon\u00e9sia. Em 2021, foi em Roma, na It\u00e1lia. No fim desse encontro, o Brasil foi anunciado sede de 2024 \u2014 mas n\u00e3o se sabia em que cidade.<br>\u201cEstamos de volta! Valeu, presidente Lula! Rio!\u201d, tuitou o prefeito Eduardo Paes (PSD).<\/p>\n\n\n\n<p class=\"wp-block-paragraph\">\u201cTudo isso est\u00e1 sendo poss\u00edvel gra\u00e7as aos esfor\u00e7os e empenho que estamos tendo em promover o Rio de Janeiro para o mundo. Esse encontro \u00e9 um marco para a nossa hist\u00f3ria\u201d, comemorou o governador Cl\u00e1udio Castro (PL)<\/p>\n\n\n\n<p class=\"wp-block-paragraph\">Em dezembro, o Brasil assumir\u00e1 a presid\u00eancia rotativa do G20, hoje ocupada pela \u00cdndia.<\/p>\n\n\n\n<p class=\"wp-block-paragraph\">O que \u00e9 o G20?<br>O Grupo dos 20, conhecido como G20, \u00e9 uma organiza\u00e7\u00e3o que re\u00fane ministros da Economia e presidentes dos Bancos Centrais de 19 pa\u00edses e da Uni\u00e3o Europeia. Juntas, essas na\u00e7\u00f5es representam cerca de 80% de toda a economia global.<\/p>\n\n\n\n<p class=\"wp-block-paragraph\">Os membros do G20 s\u00e3o os seguintes pa\u00edses:<br>\u00c1frica do Sul<br>Alemanha<br>Ar\u00e1bia Saudita<br>Argentina<br>Austr\u00e1lia<br>Brasil<br>Canad\u00e1<br>China<br>Coreia do Sul<br>Estados Unidos<br>Fran\u00e7a<br>\u00cdndia<br>Indon\u00e9sia<br>It\u00e1lia<br>Jap\u00e3o<br>M\u00e9xico<br>Reino Unido<br>R\u00fassia<br>Turquia<\/p>\n\n\n\n<p class=\"wp-block-paragraph\">Na segunda metade dos anos 1990, houve uma s\u00e9rie de crises econ\u00f4micas \u2013 e, em 1999, o G20 foi criado. A ideia era reunir os l\u00edderes para discutir os desafios econ\u00f4micos, pol\u00edticos e de sa\u00fade.<br>Naquele momento, falava-se muito em globaliza\u00e7\u00e3o e na import\u00e2ncia de uma certa proximidade para poder resolver problemas. O G20 \u00e9, na verdade, uma cria\u00e7\u00e3o do G7, o grupo de pa\u00edses democr\u00e1ticos e industrializados.<\/p>\n\n\n\n<p class=\"wp-block-paragraph\">O primeiro encontro dos l\u00edderes dos pa\u00edses aconteceu em 2008. Depois de dois dias de encontros, o grupo publica um comunicado (os pa\u00edses n\u00e3o t\u00eam obriga\u00e7\u00e3o de incluir as conclus\u00f5es desse texto final em sua legisla\u00e7\u00e3o). Al\u00e9m disso, os encontros bilaterais s\u00e3o uma parte importante dos eventos.<\/p>","protected":false},"excerpt":{"rendered":"<p>Em 2022, a c\u00fapula foi em Bali, na Indon\u00e9sia. Em 2021, foi em Roma, na It\u00e1lia. No fim desse encontro, o Brasil foi anunciado sede de 2024<\/p>","protected":false},"author":3,"featured_media":14542,"comment_status":"open","ping_status":"open","sticky":false,"template":"","format":"standard","meta":{"_crdt_document":"","footnotes":""},"categories":[36],"tags":[],"class_list":["post-14541","post","type-post","status-publish","format-standard","has-post-thumbnail","hentry","category-brasil"],"brizy_media":[],"_links":{"self":[{"href":"https:\/\/jornalcorporativo.com.br\/en\/wp-json\/wp\/v2\/posts\/14541","targetHints":{"allow":["GET"]}}],"collection":[{"href":"https:\/\/jornalcorporativo.com.br\/en\/wp-json\/wp\/v2\/posts"}],"about":[{"href":"https:\/\/jornalcorporativo.com.br\/en\/wp-json\/wp\/v2\/types\/post"}],"author":[{"embeddable":true,"href":"https:\/\/jornalcorporativo.com.br\/en\/wp-json\/wp\/v2\/users\/3"}],"replies":[{"embeddable":true,"href":"https:\/\/jornalcorporativo.com.br\/en\/wp-json\/wp\/v2\/comments?post=14541"}],"version-history":[{"count":0,"href":"https:\/\/jornalcorporativo.com.br\/en\/wp-json\/wp\/v2\/posts\/14541\/revisions"}],"wp:featuredmedia":[{"embeddable":true,"href":"https:\/\/jornalcorporativo.com.br\/en\/wp-json\/wp\/v2\/media\/14542"}],"wp:attachment":[{"href":"https:\/\/jornalcorporativo.com.br\/en\/wp-json\/wp\/v2\/media?parent=14541"}],"wp:term":[{"taxonomy":"category","embeddable":true,"href":"https:\/\/jornalcorporativo.com.br\/en\/wp-json\/wp\/v2\/categories?post=14541"},{"taxonomy":"post_tag","embeddable":true,"href":"https:\/\/jornalcorporativo.com.br\/en\/wp-json\/wp\/v2\/tags?post=14541"}],"curies":[{"name":"wp","href":"https:\/\/api.w.org\/{rel}","templated":true}]}}