{"id":14883,"date":"2023-06-06T17:43:52","date_gmt":"2023-06-06T20:43:52","guid":{"rendered":"https:\/\/jornalcorporativo.com.br\/?p=14883"},"modified":"2023-06-06T17:43:55","modified_gmt":"2023-06-06T20:43:55","slug":"ucrania-impacto-dos-ataques-a-reservatorios-de-agua","status":"publish","type":"post","link":"https:\/\/jornalcorporativo.com.br\/en\/internacional\/ucrania-impacto-dos-ataques-a-reservatorios-de-agua\/","title":{"rendered":"Ucr\u00e2nia: impacto dos ataques a reservat\u00f3rios de \u00e1gua"},"content":{"rendered":"<p class=\"wp-block-paragraph\">A Ucr\u00e2nia acusou as for\u00e7as russas de explodir uma importante represa na regi\u00e3o de Kherson, no sul do pa\u00eds.<\/p>\n\n\n\n<p class=\"wp-block-paragraph\">Milhares de pessoas que vivem abaixo da barragem Kakhovka podem estar correndo risco de inunda\u00e7\u00e3o.<\/p>\n\n\n\n<p class=\"wp-block-paragraph\">Este \u00e9 o mais recente de uma s\u00e9rie de ataques a represas na Ucr\u00e2nia durante a guerra, cuja autoria o governo do pa\u00eds atribui \u00e0 R\u00fassia.<\/p>\n\n\n\n<p class=\"wp-block-paragraph\">Onde fica a represa Kakhovka e qual a sua import\u00e2ncia?A represa Kakhovka, no Rio Dnipro, cont\u00e9m uma usina hidrel\u00e9trica.<\/p>\n\n\n\n<p class=\"wp-block-paragraph\">As for\u00e7as russas assumiram seu controle quando ocuparam a regi\u00e3o vizinha de Kherson no in\u00edcio da guerra.<\/p>\n\n\n\n<p class=\"wp-block-paragraph\">Evid\u00eancias fotogr\u00e1ficas sugerem que houve um rompimento enorme na parede da barragem.<\/p>\n\n\n\n<p class=\"wp-block-paragraph\">A menos de 50 quil\u00f4metros rio abaixo da barragem fica a cidade de Kherson, e as autoridades dizem que a \u00e1gua que flui pelo rompimento na barragem est\u00e1 colocando em risco pelo menos 16 mil pessoas. Muitas foram retiradas de l\u00e1.<\/p>\n\n\n\n<p class=\"wp-block-paragraph\">Cem quil\u00f4metros rio acima da represa est\u00e1 o reservat\u00f3rio Kakhovka, que fornece \u00e1gua para resfriar os reatores da usina nuclear de Zaporizhzhia (que agora est\u00e1 nas m\u00e3os dos russos).<\/p>\n\n\n\n<p class=\"wp-block-paragraph\">O temor \u00e9 que, se escoar muita \u00e1gua do reservat\u00f3rio pela barragem danificada, n\u00e3o vai sobrar o suficiente para resfriar os reatores da usina, o que pode resultar em um colapso.<\/p>\n\n\n\n<p class=\"wp-block-paragraph\">A Ag\u00eancia Internacional de Energia At\u00f4mica (AIEA), \u00f3rg\u00e3o de vigil\u00e2ncia nuclear da ONU, diz que est\u00e1 monitorando a situa\u00e7\u00e3o, mas que &#8220;n\u00e3o h\u00e1 risco imediato de seguran\u00e7a nuclear&#8221;.<\/p>\n\n\n\n<p class=\"wp-block-paragraph\">O reservat\u00f3rio Kakhovka tamb\u00e9m fornece \u00e1gua pot\u00e1vel para a Crimeia por meio de um canal, que agora tamb\u00e9m pode secar.<\/p>\n\n\n\n<p class=\"wp-block-paragraph\">O governo da Ucr\u00e2nia acusou as for\u00e7as russas de explodir a barragem.<\/p>\n\n\n\n<p class=\"wp-block-paragraph\">No entanto, uma autoridade local designada pela R\u00fassia disse que apenas a metade superior da usina na represa foi danificada, e que isso foi devido a bombardeios.<\/p>","protected":false},"excerpt":{"rendered":"<p>Ucr\u00e2nia acusou a R\u00fassia de explodir uma importante represa na regi\u00e3o de Kherson. Milhares de pessoas podem estar correndo risco<\/p>","protected":false},"author":3,"featured_media":14885,"comment_status":"open","ping_status":"open","sticky":false,"template":"","format":"standard","meta":{"_crdt_document":"","footnotes":""},"categories":[2],"tags":[],"class_list":["post-14883","post","type-post","status-publish","format-standard","has-post-thumbnail","hentry","category-internacional"],"brizy_media":[],"_links":{"self":[{"href":"https:\/\/jornalcorporativo.com.br\/en\/wp-json\/wp\/v2\/posts\/14883","targetHints":{"allow":["GET"]}}],"collection":[{"href":"https:\/\/jornalcorporativo.com.br\/en\/wp-json\/wp\/v2\/posts"}],"about":[{"href":"https:\/\/jornalcorporativo.com.br\/en\/wp-json\/wp\/v2\/types\/post"}],"author":[{"embeddable":true,"href":"https:\/\/jornalcorporativo.com.br\/en\/wp-json\/wp\/v2\/users\/3"}],"replies":[{"embeddable":true,"href":"https:\/\/jornalcorporativo.com.br\/en\/wp-json\/wp\/v2\/comments?post=14883"}],"version-history":[{"count":0,"href":"https:\/\/jornalcorporativo.com.br\/en\/wp-json\/wp\/v2\/posts\/14883\/revisions"}],"wp:featuredmedia":[{"embeddable":true,"href":"https:\/\/jornalcorporativo.com.br\/en\/wp-json\/wp\/v2\/media\/14885"}],"wp:attachment":[{"href":"https:\/\/jornalcorporativo.com.br\/en\/wp-json\/wp\/v2\/media?parent=14883"}],"wp:term":[{"taxonomy":"category","embeddable":true,"href":"https:\/\/jornalcorporativo.com.br\/en\/wp-json\/wp\/v2\/categories?post=14883"},{"taxonomy":"post_tag","embeddable":true,"href":"https:\/\/jornalcorporativo.com.br\/en\/wp-json\/wp\/v2\/tags?post=14883"}],"curies":[{"name":"wp","href":"https:\/\/api.w.org\/{rel}","templated":true}]}}