{"id":14888,"date":"2023-06-06T17:44:30","date_gmt":"2023-06-06T20:44:30","guid":{"rendered":"https:\/\/jornalcorporativo.com.br\/?p=14888"},"modified":"2023-06-06T17:44:34","modified_gmt":"2023-06-06T20:44:34","slug":"lixo-ganha-novo-significado-campanha-conscientiza-para-valor-dos-itens","status":"publish","type":"post","link":"https:\/\/jornalcorporativo.com.br\/en\/brasil\/lixo-ganha-novo-significado-campanha-conscientiza-para-valor-dos-itens\/","title":{"rendered":"&#8216;Lixo&#8217; ganha novo significado: campanha conscientiza para valor dos itens"},"content":{"rendered":"<p class=\"wp-block-paragraph\">Na semana do Meio Ambiente, a palavra lixo ganhou uma nova defini\u00e7\u00e3o nos dicion\u00e1rios &#8211; um significado que milhares de catadores j\u00e1 conhecem. \u00c9 uma tentativa de mudar a imagem que a popula\u00e7\u00e3o tem do lixo. O que \u00e9 descartado por uns pode gerar oportunidade e renda para muitas outras pessoas.<\/p>\n\n\n\n<p class=\"wp-block-paragraph\">A imagem que vem \u00e0 mente quando se trata do conceito de lixo nem sempre parece boa. Mas uma campanha est\u00e1 tentando mudar isso. E o dicion\u00e1rio j\u00e1 fez a sua parte. O significado agora \u00e9: \u201cQualquer material que ainda n\u00e3o pode ser reciclado ou reutilizado ou compostado\u201d. A defini\u00e7\u00e3o, inclusive, j\u00e1 foi atualizada at\u00e9 nos dispositivos tecnol\u00f3gicos.<\/p>\n\n\n\n<p class=\"wp-block-paragraph\">A ideia \u00e9 come\u00e7ar mudando a palavra, a imagem que a gente tem dela, e terminar mudando a realidade do pa\u00eds, que s\u00f3 recicla 4% dos res\u00edduos que produz. E a popula\u00e7\u00e3o tamb\u00e9m tem que fazer a sua parte: 70% das cidades brasileiras j\u00e1 t\u00eam coleta seletiva, mas s\u00f3 30% dos moradores separam o lixo.<\/p>\n\n\n\n<p class=\"wp-block-paragraph\">A atualiza\u00e7\u00e3o da defini\u00e7\u00e3o da palavra lixo faz parte de um grande movimento criado por empresas e associa\u00e7\u00f5es para que o material descartado que chega aos lix\u00f5es seja percebido por outros \u00e2ngulos, n\u00e3o s\u00f3 como um amontoado de coisas que n\u00e3o t\u00eam valor.<\/p>\n\n\n\n<p class=\"wp-block-paragraph\">A mudan\u00e7a, no entanto, n\u00e3o \u00e9 novidade para a catadora Raquel dos Santos. Para ela, o lixo sempre valeu muito.<br>\u201c\u00c9 de onde eu tiro minha renda, sustentar meus filhos, onde vou ter uma casinha. Aonde eu n\u00e3o deixo faltar nada pros meus filhos\u201d, diz a catadora.<\/p>\n\n\n\n<p class=\"wp-block-paragraph\">O chefe do Instituto Antonio Houaiss de Lexicografia, Mauro Villar, afirma que a mudan\u00e7a do significado de lixo no dicion\u00e1rio tem como objetivo a atualiza\u00e7\u00e3o do termo junto \u00e0 sociedade.<br>\u201cAs pessoas quando consultam dicion\u00e1rios querem ver um reflexo do mundo e querem ver as altera\u00e7\u00f5es, os sentidos das novas palavras, as altera\u00e7\u00f5es dos sentidos que a palavra tem. Se o dicion\u00e1rio n\u00e3o faz isso ele est\u00e1 morto\u201d, define.<\/p>\n\n\n\n<p class=\"wp-block-paragraph\">A tamb\u00e9m catadora Ana Cristina dos Santos tamb\u00e9m est\u00e1 atualizada com a defini\u00e7\u00e3o da palavra lixo.<br>\u201cEsse material \u00e9 lixo? N\u00e3o. Ele n\u00e3o \u00e9 lixo porque \u00e9 o sustento da gente. \u00c9 um servi\u00e7o digno demais da conta, garante a renda e a sobreviv\u00eancia da gente\u201d, argumenta.<\/p>","protected":false},"excerpt":{"rendered":"<p>O significado agora \u00e9: \u201cQualquer material que ainda n\u00e3o pode ser reciclado ou reutilizado ou compostado\u201d<\/p>","protected":false},"author":3,"featured_media":14889,"comment_status":"open","ping_status":"open","sticky":false,"template":"","format":"standard","meta":{"_crdt_document":"","footnotes":""},"categories":[36],"tags":[],"class_list":["post-14888","post","type-post","status-publish","format-standard","has-post-thumbnail","hentry","category-brasil"],"brizy_media":[],"_links":{"self":[{"href":"https:\/\/jornalcorporativo.com.br\/en\/wp-json\/wp\/v2\/posts\/14888","targetHints":{"allow":["GET"]}}],"collection":[{"href":"https:\/\/jornalcorporativo.com.br\/en\/wp-json\/wp\/v2\/posts"}],"about":[{"href":"https:\/\/jornalcorporativo.com.br\/en\/wp-json\/wp\/v2\/types\/post"}],"author":[{"embeddable":true,"href":"https:\/\/jornalcorporativo.com.br\/en\/wp-json\/wp\/v2\/users\/3"}],"replies":[{"embeddable":true,"href":"https:\/\/jornalcorporativo.com.br\/en\/wp-json\/wp\/v2\/comments?post=14888"}],"version-history":[{"count":0,"href":"https:\/\/jornalcorporativo.com.br\/en\/wp-json\/wp\/v2\/posts\/14888\/revisions"}],"wp:featuredmedia":[{"embeddable":true,"href":"https:\/\/jornalcorporativo.com.br\/en\/wp-json\/wp\/v2\/media\/14889"}],"wp:attachment":[{"href":"https:\/\/jornalcorporativo.com.br\/en\/wp-json\/wp\/v2\/media?parent=14888"}],"wp:term":[{"taxonomy":"category","embeddable":true,"href":"https:\/\/jornalcorporativo.com.br\/en\/wp-json\/wp\/v2\/categories?post=14888"},{"taxonomy":"post_tag","embeddable":true,"href":"https:\/\/jornalcorporativo.com.br\/en\/wp-json\/wp\/v2\/tags?post=14888"}],"curies":[{"name":"wp","href":"https:\/\/api.w.org\/{rel}","templated":true}]}}