{"id":14896,"date":"2023-06-06T17:46:04","date_gmt":"2023-06-06T20:46:04","guid":{"rendered":"https:\/\/jornalcorporativo.com.br\/?p=14896"},"modified":"2023-06-06T17:46:09","modified_gmt":"2023-06-06T20:46:09","slug":"descontos-do-governo-para-carros-populares-vao-de-r-2-mil-a-r-8-mil","status":"publish","type":"post","link":"https:\/\/jornalcorporativo.com.br\/en\/economia\/descontos-do-governo-para-carros-populares-vao-de-r-2-mil-a-r-8-mil\/","title":{"rendered":"Descontos do governo para carros populares v\u00e3o de R$ 2 mil a R$ 8 mil"},"content":{"rendered":"<p class=\"wp-block-paragraph\">A Medida Provis\u00f3ria que cria programa de desconto em carros, \u00f4nibus e caminh\u00f5es foi publicada nesta ter\u00e7a-feira (6), no Di\u00e1rio Oficial da Uni\u00e3o (DOU). O programa para baratear o pre\u00e7o tem validade de quatro meses e come\u00e7a a valer a partir desta manh\u00e3. Montadoras j\u00e1 come\u00e7aram a anunciar pacotes de incentivo para compra de carro zero.<\/p>\n\n\n\n<p class=\"wp-block-paragraph\">Os descontos de autom\u00f3veis e ve\u00edculos comerciais leves podem variar de R$ 2 mil a R$ 8 mil. J\u00e1 os ve\u00edculos como caminh\u00f5es e \u00f4nibus v\u00e3o depender do tipo de carga e da quantidade de pessoas transportadas.<\/p>\n\n\n\n<p class=\"wp-block-paragraph\">Para saber quanto o comprador conseguir\u00e1 abater do pre\u00e7o, \u00e9 preciso somar uma quantidade m\u00ednima de pontos.<br>Para calcular o desconto de cada ve\u00edculo, \u00e9 necess\u00e1rio somar os pontos que ele tem em cada um dos crit\u00e9rios estabelecidos pelo governo.<\/p>\n\n\n\n<p class=\"wp-block-paragraph\">Para que um carro receba o desconto m\u00e1ximo, de R$ 8 mil, por exemplo, \u00e9 necess\u00e1rio chegar a, pelo menos, 90 pontos.<\/p>\n\n\n\n<p class=\"wp-block-paragraph\">Veja um exemplo:<br>se a fonte de energia \u00e9 o etanol ou a eletricidade\/modelo h\u00edbrido, o carro faz 25 pontos;<br>se tem um consumo energ\u00e9tico igual ou inferior a 1,40 MJ\/Km, faz mais 25 pontos;<br>se o pre\u00e7o p\u00fablico sugerido for de R$ 70.000,01 a R$ 80 mil, faz 20 pontos;<br>se a densidade produtiva (que equivale \u00e0 porcentagem daquele carro que foi produzido no Brasil) for de 65% a 74,99%, faz mais 20 pontos, totalizando 90 e alcan\u00e7ando o desconto de R$ 8 mil.<\/p>\n\n\n\n<p class=\"wp-block-paragraph\">Para ficar na faixa m\u00ednima de desconto, de R$ 2 mil, a pontua\u00e7\u00e3o precisa ficar abaixo de 69. Dessa forma, se o carro:<br>\u00e9 flex (aceita gasolina e etanol), faz 20 pontos;<br>tem um consumo energ\u00e9tico entre 1,61 e 2,00 MJ\/Km, faz 15 pontos;<br>custa entre R$ 80.000,01 e R$ 90 mil, faz 18 pontos;<br>tem uma densidade produtiva entre 60% e 64,99%, faz mais 15 pontos, totalizando 68 e recebendo o desconto m\u00ednimo.<\/p>\n\n\n\n<p class=\"wp-block-paragraph\">No total, s\u00e3o sete faixas de desconto, que variam de acordo com as seguintes pontua\u00e7\u00f5es:<br>R$ 8 mil para ve\u00edculos cuja soma dos pontos seja maior ou igual a 90;<br>R$ 7 mil para ve\u00edculos cuja soma dos pontos seja maior ou igual a 85 e inferior a 90;<br>R$ 6 mil para ve\u00edculos cuja soma dos pontos seja maior ou igual a 80 e um e inferior a 85;<br>R$ 5 mil para ve\u00edculos cuja soma dos pontos seja maior ou igual a 77 e inferior a 81;<br>R$ 4 mil para ve\u00edculos cuja soma dos pontos seja maior ou igual a 73 e inferior a 77;<br>R$ 3 mil para ve\u00edculos cuja soma dos pontos seja maior ou igual a 69 e inferior a 73;<br>R$ 2 mil para ve\u00edculos cuja soma dos pontos seja inferior a 69.<\/p>\n\n\n\n<p class=\"wp-block-paragraph\">Nesta ter\u00e7a, em evento da Anfavea, Alckmin voltou a comentar sobre o programa. &#8220;N\u00f3s estamos muito otimistas com a resposta dos consumidores, com a preserva\u00e7\u00e3o do emprego e com o fortalecimento da ind\u00fastria&#8221;, declarou.<\/p>","protected":false},"excerpt":{"rendered":"<p>A Medida Provis\u00f3ria que cria programa de desconto em carros, \u00f4nibus e caminh\u00f5es foi publicada nesta ter\u00e7a-feira (6), no Di\u00e1rio Oficial da Uni\u00e3o (DOU). O programa para baratear o pre\u00e7o tem validade de quatro meses e come\u00e7a a valer a partir desta manh\u00e3. Montadoras j\u00e1 come\u00e7aram a anunciar pacotes de incentivo para compra de carro zero.<\/p>\n<p>Os descontos de autom\u00f3veis e ve\u00edculos comerciais leves podem variar de R$ 2 mil a R$ 8 mil. J\u00e1 os ve\u00edculos como caminh\u00f5es e \u00f4nibus v\u00e3o depender do tipo de carga e da quantidade de pessoas transportadas.<\/p>\n<p>Para saber quanto o comprador conseguir\u00e1 abater do pre\u00e7o, \u00e9 preciso somar uma quantidade m\u00ednima de pontos.<br \/>\nPara calcular o desconto de cada ve\u00edculo, \u00e9 necess\u00e1rio somar os pontos que ele tem em cada um dos crit\u00e9rios estabelecidos pelo governo.<\/p>\n<p>Para que um carro receba o desconto m\u00e1ximo, de R$ 8 mil, por exemplo, \u00e9 necess\u00e1rio chegar a, pelo menos, 90 pontos.<\/p>\n<p>Veja um exemplo:<br \/>\nse a fonte de energia \u00e9 o etanol ou a eletricidade\/modelo h\u00edbrido, o carro faz 25 pontos;<br \/>\nse tem um consumo energ\u00e9tico igual ou inferior a 1,40 MJ\/Km, faz mais 25 pontos;<br \/>\nse o pre\u00e7o p\u00fablico sugerido for de R$ 70.000,01 a R$ 80 mil, faz 20 pontos;<br \/>\nse a densidade produtiva (que equivale \u00e0 porcentagem daquele carro que foi produzido no Brasil) for de 65% a 74,99%, faz mais 20 pontos, totalizando 90 e alcan\u00e7ando o desconto de R$ 8 mil.<\/p>\n<p>Para ficar na faixa m\u00ednima de desconto, de R$ 2 mil, a pontua\u00e7\u00e3o precisa ficar abaixo de 69. Dessa forma, se o carro:<br \/>\n\u00e9 flex (aceita gasolina e etanol), faz 20 pontos;<br \/>\ntem um consumo energ\u00e9tico entre 1,61 e 2,00 MJ\/Km, faz 15 pontos;<br \/>\ncusta entre R$ 80.000,01 e R$ 90 mil, faz 18 pontos;<br \/>\ntem uma densidade produtiva entre 60% e 64,99%, faz mais 15 pontos, totalizando 68 e recebendo o desconto m\u00ednimo.<\/p>\n<p>No total, s\u00e3o sete faixas de desconto, que variam de acordo com as seguintes pontua\u00e7\u00f5es:<br \/>\nR$ 8 mil para ve\u00edculos cuja soma dos pontos seja maior ou igual a 90;<br \/>\nR$ 7 mil para ve\u00edculos cuja soma dos pontos seja maior ou igual a 85 e inferior a 90;<br \/>\nR$ 6 mil para ve\u00edculos cuja soma dos pontos seja maior ou igual a 80 e um e inferior a 85;<br \/>\nR$ 5 mil para ve\u00edculos cuja soma dos pontos seja maior ou igual a 77 e inferior a 81;<br \/>\nR$ 4 mil para ve\u00edculos cuja soma dos pontos seja maior ou igual a 73 e inferior a 77;<br \/>\nR$ 3 mil para ve\u00edculos cuja soma dos pontos seja maior ou igual a 69 e inferior a 73;<br \/>\nR$ 2 mil para ve\u00edculos cuja soma dos pontos seja inferior a 69.<\/p>\n<p>Nesta ter\u00e7a, em evento da Anfavea, Alckmin voltou a comentar sobre o programa. &#8220;N\u00f3s estamos muito otimistas com a resposta dos consumidores, com a preserva\u00e7\u00e3o do emprego e com o fortalecimento da ind\u00fastria&#8221;, declarou.<\/p>","protected":false},"author":3,"featured_media":14897,"comment_status":"open","ping_status":"open","sticky":false,"template":"","format":"standard","meta":{"_crdt_document":"","footnotes":""},"categories":[4],"tags":[],"class_list":["post-14896","post","type-post","status-publish","format-standard","has-post-thumbnail","hentry","category-economia"],"brizy_media":[],"_links":{"self":[{"href":"https:\/\/jornalcorporativo.com.br\/en\/wp-json\/wp\/v2\/posts\/14896","targetHints":{"allow":["GET"]}}],"collection":[{"href":"https:\/\/jornalcorporativo.com.br\/en\/wp-json\/wp\/v2\/posts"}],"about":[{"href":"https:\/\/jornalcorporativo.com.br\/en\/wp-json\/wp\/v2\/types\/post"}],"author":[{"embeddable":true,"href":"https:\/\/jornalcorporativo.com.br\/en\/wp-json\/wp\/v2\/users\/3"}],"replies":[{"embeddable":true,"href":"https:\/\/jornalcorporativo.com.br\/en\/wp-json\/wp\/v2\/comments?post=14896"}],"version-history":[{"count":0,"href":"https:\/\/jornalcorporativo.com.br\/en\/wp-json\/wp\/v2\/posts\/14896\/revisions"}],"wp:featuredmedia":[{"embeddable":true,"href":"https:\/\/jornalcorporativo.com.br\/en\/wp-json\/wp\/v2\/media\/14897"}],"wp:attachment":[{"href":"https:\/\/jornalcorporativo.com.br\/en\/wp-json\/wp\/v2\/media?parent=14896"}],"wp:term":[{"taxonomy":"category","embeddable":true,"href":"https:\/\/jornalcorporativo.com.br\/en\/wp-json\/wp\/v2\/categories?post=14896"},{"taxonomy":"post_tag","embeddable":true,"href":"https:\/\/jornalcorporativo.com.br\/en\/wp-json\/wp\/v2\/tags?post=14896"}],"curies":[{"name":"wp","href":"https:\/\/api.w.org\/{rel}","templated":true}]}}