{"id":14911,"date":"2023-06-07T17:17:06","date_gmt":"2023-06-07T20:17:06","guid":{"rendered":"https:\/\/jornalcorporativo.com.br\/?p=14911"},"modified":"2023-06-07T17:17:09","modified_gmt":"2023-06-07T20:17:09","slug":"mendonca-adia-julgamento-sobre-marco-temporal-na-demarcacao-de-terras-indigenas","status":"publish","type":"post","link":"https:\/\/jornalcorporativo.com.br\/en\/politica\/mendonca-adia-julgamento-sobre-marco-temporal-na-demarcacao-de-terras-indigenas\/","title":{"rendered":"Mendon\u00e7a adia julgamento sobre marco temporal na demarca\u00e7\u00e3o de terras ind\u00edgenas"},"content":{"rendered":"<p class=\"wp-block-paragraph\">O ministro Andr\u00e9 Mendon\u00e7a pediu vista (mais tempo para an\u00e1lise) e adiou o julgamento no Supremo Tribunal Federal (STF) que deve decidir sobre a aplica\u00e7\u00e3o do chamado &#8220;marco temporal&#8221; na demarca\u00e7\u00e3o de terras ind\u00edgenas no pa\u00eds.<\/p>\n\n\n\n<p class=\"wp-block-paragraph\">Se aprovada essa tese, os povos origin\u00e1rios s\u00f3 poder\u00e3o reivindicar a posse de \u00e1reas que j\u00e1 estivessem ocupando na data de promulga\u00e7\u00e3o da Constitui\u00e7\u00e3o de 1988. Terrenos sem a ocupa\u00e7\u00e3o de ind\u00edgenas ou com a ocupa\u00e7\u00e3o de outros grupos neste per\u00edodo n\u00e3o poderiam ser demarcados.<\/p>\n\n\n\n<p class=\"wp-block-paragraph\">O julgamento na Corte come\u00e7ou em setembro de 2021. At\u00e9 o momento, votaram: o relator do caso, Luiz Edson Fachin, contra o marco temporal; o ministro Nunes Marques, a favor; e o ministro Alexandre de Moraes, tamb\u00e9m contr\u00e1rio ao marco temporal.<\/p>\n\n\n\n<p class=\"wp-block-paragraph\">A decis\u00e3o do STF tem repercuss\u00e3o geral, ou seja, dever\u00e1 ser seguida em situa\u00e7\u00f5es semelhantes pelas inst\u00e2ncias inferiores da Justi\u00e7a.<\/p>\n\n\n\n<p class=\"wp-block-paragraph\">Atualmente, h\u00e1 214 processos deste tipo suspensos aguardando uma decis\u00e3o definitiva da Corte, segundo dados do Conselho Nacional de Justi\u00e7a (CNJ).<\/p>\n\n\n\n<p class=\"wp-block-paragraph\">Caso julgado<br>O STF analisa um recurso que discute a reintegra\u00e7\u00e3o de posse solicitada pelo Instituto do Meio a Ambiente de Santa Catarina (IMA) contra a Funda\u00e7\u00e3o Nacional do \u00cdndio (Funai) e ind\u00edgenas do povo Xokleng. A disputa envolve uma \u00e1rea da Terra Ind\u00edgena Ibirama-Laklan\u00f5, uma \u00e1rea que \u00e9 parte da Reserva Biol\u00f3gica do Sassafr\u00e1s, no estado.<\/p>\n\n\n\n<p class=\"wp-block-paragraph\">Em 2013, o Tribunal Regional Federal (TRF) da 4\u00aa Regi\u00e3o aplicou o crit\u00e9rio do marco temporal ao conceder ao IMA-SC posse da \u00e1rea. Ap\u00f3s a decis\u00e3o, a Funai enviou ao Supremo um recurso questionando a decis\u00e3o do TRF-4.<\/p>\n\n\n\n<p class=\"wp-block-paragraph\">Congresso<br>No Congresso, tramita um projeto de lei que fixa um marco temporal para demarca\u00e7\u00e3o de terras ind\u00edgenas. A proposta j\u00e1 passou pela C\u00e2mara e aguarda an\u00e1lise no Senado. Para virar lei, al\u00e9m do aval do Senado, o texto precisa da san\u00e7\u00e3o do presidente Lula.<\/p>\n\n\n\n<p class=\"wp-block-paragraph\">O projeto limita a demarca\u00e7\u00e3o de terras ao exigir a presen\u00e7a f\u00edsica de ind\u00edgenas nas \u00e1reas reivindicadas na data da promulga\u00e7\u00e3o da Constitui\u00e7\u00e3o.<\/p>","protected":false},"excerpt":{"rendered":"<p>Se tese for aprovada, povos origin\u00e1rios s\u00f3 poder\u00e3o reivindicar a posse de \u00e1reas que j\u00e1 estivessem ocupando em 1988<\/p>","protected":false},"author":3,"featured_media":14913,"comment_status":"open","ping_status":"open","sticky":false,"template":"","format":"standard","meta":{"_crdt_document":"","footnotes":""},"categories":[7],"tags":[],"class_list":["post-14911","post","type-post","status-publish","format-standard","has-post-thumbnail","hentry","category-politica"],"brizy_media":[],"_links":{"self":[{"href":"https:\/\/jornalcorporativo.com.br\/en\/wp-json\/wp\/v2\/posts\/14911","targetHints":{"allow":["GET"]}}],"collection":[{"href":"https:\/\/jornalcorporativo.com.br\/en\/wp-json\/wp\/v2\/posts"}],"about":[{"href":"https:\/\/jornalcorporativo.com.br\/en\/wp-json\/wp\/v2\/types\/post"}],"author":[{"embeddable":true,"href":"https:\/\/jornalcorporativo.com.br\/en\/wp-json\/wp\/v2\/users\/3"}],"replies":[{"embeddable":true,"href":"https:\/\/jornalcorporativo.com.br\/en\/wp-json\/wp\/v2\/comments?post=14911"}],"version-history":[{"count":0,"href":"https:\/\/jornalcorporativo.com.br\/en\/wp-json\/wp\/v2\/posts\/14911\/revisions"}],"wp:featuredmedia":[{"embeddable":true,"href":"https:\/\/jornalcorporativo.com.br\/en\/wp-json\/wp\/v2\/media\/14913"}],"wp:attachment":[{"href":"https:\/\/jornalcorporativo.com.br\/en\/wp-json\/wp\/v2\/media?parent=14911"}],"wp:term":[{"taxonomy":"category","embeddable":true,"href":"https:\/\/jornalcorporativo.com.br\/en\/wp-json\/wp\/v2\/categories?post=14911"},{"taxonomy":"post_tag","embeddable":true,"href":"https:\/\/jornalcorporativo.com.br\/en\/wp-json\/wp\/v2\/tags?post=14911"}],"curies":[{"name":"wp","href":"https:\/\/api.w.org\/{rel}","templated":true}]}}