{"id":14916,"date":"2023-06-07T17:17:37","date_gmt":"2023-06-07T20:17:37","guid":{"rendered":"https:\/\/jornalcorporativo.com.br\/?p=14916"},"modified":"2023-06-07T17:17:42","modified_gmt":"2023-06-07T20:17:42","slug":"violencia-armada-faz-americanos-viverem-com-medo","status":"publish","type":"post","link":"https:\/\/jornalcorporativo.com.br\/en\/internacional\/violencia-armada-faz-americanos-viverem-com-medo\/","title":{"rendered":"Viol\u00eancia armada faz americanos viverem com medo"},"content":{"rendered":"<p class=\"wp-block-paragraph\">\u00c0 medida que a viol\u00eancia armada aumenta e os ataques a tiros parecem chegar \u00e0s manchetes com cada vez mais frequ\u00eancia, o medo est\u00e1 mudando a vida de milh\u00f5es de americanos.<\/p>\n\n\n\n<p class=\"wp-block-paragraph\">Um shopping center. Uma sala de aula. Uma festa na casa de uma adolescente.<br>Todos estes locais sofreram o flagelo de um ataque a tiros nos Estados Unidos nas \u00faltimas semanas.<br>Para muitos americanos, parece que isso pode acontecer em qualquer lugar.<\/p>\n\n\n\n<p class=\"wp-block-paragraph\">Enquanto os EUA observam o Dia Nacional de Conscientiza\u00e7\u00e3o sobre a Viol\u00eancia Armada na sexta-feira, como essa quest\u00e3o est\u00e1 afetando a maneira como as pessoas levam suas vidas?<\/p>\n\n\n\n<p class=\"wp-block-paragraph\">Conversas dif\u00edceis<br>Cerca de 60% dos adultos dizem ter conversado com seus filhos ou outros parentes sobre armas, de acordo com uma pesquisa da KFF, uma organiza\u00e7\u00e3o sem fins lucrativos focada em pol\u00edticas de sa\u00fade.<br>Algumas dessas conversas s\u00e3o desencadeadas por exerc\u00edcios nas salas de aula dos EUA.<\/p>\n\n\n\n<p class=\"wp-block-paragraph\">Em alguns casos, alunos de cinco anos s\u00e3o ensinados sobre quando fazer barricadas nas portas e quando correr para salvar a vida se um atirador estiver rondando os corredores.<\/p>\n\n\n\n<p class=\"wp-block-paragraph\">Recentemente, a filha de nove anos de Morgan Hook, Elise, voltou da escola e pegou sua fam\u00edlia de surpresa quando disse que os exerc\u00edcios n\u00e3o seriam muito \u00fateis se o atirador simplesmente derrubasse a porta.<\/p>\n\n\n\n<p class=\"wp-block-paragraph\">Hook tentou tranquilizar sua filha de que isso n\u00e3o aconteceria, mas ele se lembrou de um tiroteio recente em uma escola particular em Nashville, quando o suspeito fez exatamente isso.<\/p>\n\n\n\n<p class=\"wp-block-paragraph\">&#8220;\u00c0s vezes, quando voc\u00ea tenta confortar seus filhos, isso significa mentir para eles&#8221;, diz ele, que mora no condado de Saratoga, Nova York.<\/p>\n\n\n\n<p class=\"wp-block-paragraph\">&#8220;\u00c9 \u00fatil para os pais conversarem com seus filhos sobre viol\u00eancia armada, desde que o fa\u00e7am com calma&#8221;, afirma Vaile Wright, diretor s\u00eanior de inova\u00e7\u00e3o em sa\u00fade da American Psychological Association.<\/p>","protected":false},"excerpt":{"rendered":"<p>Em alguns casos, alunos de cinco anos s\u00e3o ensinados sobre quando fazer barricadas nas portas e quando correr para se salvar<\/p>","protected":false},"author":3,"featured_media":14917,"comment_status":"open","ping_status":"open","sticky":false,"template":"","format":"standard","meta":{"_crdt_document":"","footnotes":""},"categories":[2],"tags":[],"class_list":["post-14916","post","type-post","status-publish","format-standard","has-post-thumbnail","hentry","category-internacional"],"brizy_media":[],"_links":{"self":[{"href":"https:\/\/jornalcorporativo.com.br\/en\/wp-json\/wp\/v2\/posts\/14916","targetHints":{"allow":["GET"]}}],"collection":[{"href":"https:\/\/jornalcorporativo.com.br\/en\/wp-json\/wp\/v2\/posts"}],"about":[{"href":"https:\/\/jornalcorporativo.com.br\/en\/wp-json\/wp\/v2\/types\/post"}],"author":[{"embeddable":true,"href":"https:\/\/jornalcorporativo.com.br\/en\/wp-json\/wp\/v2\/users\/3"}],"replies":[{"embeddable":true,"href":"https:\/\/jornalcorporativo.com.br\/en\/wp-json\/wp\/v2\/comments?post=14916"}],"version-history":[{"count":0,"href":"https:\/\/jornalcorporativo.com.br\/en\/wp-json\/wp\/v2\/posts\/14916\/revisions"}],"wp:featuredmedia":[{"embeddable":true,"href":"https:\/\/jornalcorporativo.com.br\/en\/wp-json\/wp\/v2\/media\/14917"}],"wp:attachment":[{"href":"https:\/\/jornalcorporativo.com.br\/en\/wp-json\/wp\/v2\/media?parent=14916"}],"wp:term":[{"taxonomy":"category","embeddable":true,"href":"https:\/\/jornalcorporativo.com.br\/en\/wp-json\/wp\/v2\/categories?post=14916"},{"taxonomy":"post_tag","embeddable":true,"href":"https:\/\/jornalcorporativo.com.br\/en\/wp-json\/wp\/v2\/tags?post=14916"}],"curies":[{"name":"wp","href":"https:\/\/api.w.org\/{rel}","templated":true}]}}