{"id":14920,"date":"2023-06-07T17:18:13","date_gmt":"2023-06-07T20:18:13","guid":{"rendered":"https:\/\/jornalcorporativo.com.br\/?p=14920"},"modified":"2023-06-07T17:18:18","modified_gmt":"2023-06-07T20:18:18","slug":"laparocele-entenda-a-hernia-abdominal-que-e-a-causa-da-cirurgia-do-papa","status":"publish","type":"post","link":"https:\/\/jornalcorporativo.com.br\/en\/saude-natural\/laparocele-entenda-a-hernia-abdominal-que-e-a-causa-da-cirurgia-do-papa\/","title":{"rendered":"Laparocele: entenda a h\u00e9rnia abdominal que \u00e9 a causa da cirurgia do Papa"},"content":{"rendered":"\n<p class=\"wp-block-paragraph\">O Papa Francisco, de 86 anos, passar\u00e1 por uma nova cirurgia na tarde desta quarta-feira (7), no hospital Gemelli, em Roma, informou o Vaticano em um comunicado.<\/p>\n\n\n\n<p class=\"wp-block-paragraph\">Segundo a Santa S\u00e9, a expectativa \u00e9 que o pont\u00edfice fique internado por alguns dias depois do procedimento cir\u00fargico, que acontece dois anos ap\u00f3s Francisco ser submetido a uma cirurgia no intestino grosso.<\/p>\n\n\n\n<p class=\"wp-block-paragraph\">H\u00e1 cerca de dois meses, o pont\u00edfice tamb\u00e9m foi internado com um quadro de bronquite infecciosa.<\/p>\n\n\n\n<p class=\"wp-block-paragraph\">Dessa vez, a cirurgia ser\u00e1 para a repara\u00e7\u00e3o de uma laparocele, um tipo de h\u00e9rnia que se forma sob uma cicatriz na regi\u00e3o do abd\u00f4men.<\/p>\n\n\n\n<p class=\"wp-block-paragraph\">O que \u00e9 a laparocele?<br>A laparocele encarcerada como a do Papa \u00e9 nada mais que uma h\u00e9rnia da parede abdominal que causa o &#8220;estrangulamento&#8221; da al\u00e7a do intestino, os segmentos de arco que formam os tubos do \u00f3rg\u00e3o.<\/p>\n\n\n\n<p class=\"wp-block-paragraph\">A m\u00e9dica cirurgi\u00e3 do aparelho digestivo, Vanessa Prado, explica que a complica\u00e7\u00e3o causa uma fraqueza da parede abdominal que resulta numa esp\u00e9cie de &#8220;buraco&#8221;.<\/p>\n\n\n\n<p class=\"wp-block-paragraph\">&#8220;E a\u00ed quando voc\u00ea faz m\u00ednimos esfor\u00e7os a al\u00e7a intestinal pode entrar nesse buraco, ficar presa e n\u00e3o voltar para a cavidade abdominal [regi\u00e3o que comporta al\u00e9m do intestino, o f\u00edgado, o est\u00f4mago, entre outros \u00f3rg\u00e3os], o que resulta na urg\u00eancia cir\u00fargica&#8221;, diz.<\/p>\n\n\n\n<p class=\"wp-block-paragraph\">Em resumo, \u00e9 uma h\u00e9rnia dos m\u00fasculos abdominais, n\u00e3o do intestino, embora possa ocorrer uma protrus\u00e3o do intestino atrav\u00e9s deste buraco abdominal.<br>&#8220;A laparocele \u00e9 uma h\u00e9rnia que ocorre na parede abdominal ap\u00f3s cirurgias ou por fraqueza muscular. Ela cria um buraco na parede, que muitas vezes pode permitir a entrada do intestino. Quando um \u00f3rg\u00e3o fica preso nesse buraco, isso \u00e9 chamado de laparocele encarcerada e pode causar dor, obstru\u00e7\u00e3o intestinal ou falta de circula\u00e7\u00e3o&#8221;, detalha Alexandre Sakano, gastrocirurgi\u00e3o da BP &#8211; A Benefic\u00eancia Portuguesa de S\u00e3o Paulo.<\/p>\n\n\n\n<p class=\"wp-block-paragraph\">Mas qual o problema disso?<br>Segundo o centro de pesquisas italiano &#8220;Humanitas&#8221;, em cerca de 10% das incis\u00f5es cir\u00fargicas feitas no abd\u00f4men, com o tempo, pode haver uma falha da parede m\u00fasculo-fascial por onde emerge o perit\u00f4nio, um tecido fino dobrado sobre si mesmo que separa os \u00f3rg\u00e3os internos da parede. Esta condi\u00e7\u00e3o se manifesta com um incha\u00e7o bem caracter\u00edstico.<\/p>\n\n\n\n<p class=\"wp-block-paragraph\">A laparocele geralmente ent\u00e3o acontece em casos em que a ferida criada pela cirurgia n\u00e3o fechou perfeitamente e com o tempo abriu-se uma &#8220;brecha&#8221; de onde emerge o perit\u00f4nio e, posteriormente, a h\u00e9rnia.<br>&#8220;E quando essa al\u00e7a do intestino fica presa nessa h\u00e9rnia, a gente chama de h\u00e9rnia encarcerada, que a\u00ed n\u00e3o passa sangue, n\u00e3o passa fezes, e d\u00e1 o quadro que a gente chama de suboclus\u00e3o intestinal para o paciente&#8221;, acrescenta Prado, que \u00e9 m\u00e9dica do Centro de Especialidades do Aparelho Digestivo do Hospital Nove de Julho, em S\u00e3o Paulo.<\/p>\n\n\n\n<p class=\"wp-block-paragraph\">Em julho de 2021 o Papa Francisco passou inclusive por uma cirurgia para controlar uma diverticulite. Na ocasi\u00e3o, ele teve que retirar parte do intestino.<\/p>\n","protected":false},"excerpt":{"rendered":"<p>\u00daltima cirurgia do pont\u00edfice foi em julho de 2021 quando ele teve uma diverticulite e teve que retirar parte do intestino<\/p>","protected":false},"author":3,"featured_media":14921,"comment_status":"open","ping_status":"open","sticky":false,"template":"","format":"standard","meta":{"_crdt_document":"","footnotes":""},"categories":[8],"tags":[],"class_list":["post-14920","post","type-post","status-publish","format-standard","has-post-thumbnail","hentry","category-saude-natural"],"brizy_media":[],"_links":{"self":[{"href":"https:\/\/jornalcorporativo.com.br\/en\/wp-json\/wp\/v2\/posts\/14920","targetHints":{"allow":["GET"]}}],"collection":[{"href":"https:\/\/jornalcorporativo.com.br\/en\/wp-json\/wp\/v2\/posts"}],"about":[{"href":"https:\/\/jornalcorporativo.com.br\/en\/wp-json\/wp\/v2\/types\/post"}],"author":[{"embeddable":true,"href":"https:\/\/jornalcorporativo.com.br\/en\/wp-json\/wp\/v2\/users\/3"}],"replies":[{"embeddable":true,"href":"https:\/\/jornalcorporativo.com.br\/en\/wp-json\/wp\/v2\/comments?post=14920"}],"version-history":[{"count":0,"href":"https:\/\/jornalcorporativo.com.br\/en\/wp-json\/wp\/v2\/posts\/14920\/revisions"}],"wp:featuredmedia":[{"embeddable":true,"href":"https:\/\/jornalcorporativo.com.br\/en\/wp-json\/wp\/v2\/media\/14921"}],"wp:attachment":[{"href":"https:\/\/jornalcorporativo.com.br\/en\/wp-json\/wp\/v2\/media?parent=14920"}],"wp:term":[{"taxonomy":"category","embeddable":true,"href":"https:\/\/jornalcorporativo.com.br\/en\/wp-json\/wp\/v2\/categories?post=14920"},{"taxonomy":"post_tag","embeddable":true,"href":"https:\/\/jornalcorporativo.com.br\/en\/wp-json\/wp\/v2\/tags?post=14920"}],"curies":[{"name":"wp","href":"https:\/\/api.w.org\/{rel}","templated":true}]}}