{"id":15050,"date":"2023-06-23T17:21:32","date_gmt":"2023-06-23T20:21:32","guid":{"rendered":"https:\/\/jornalcorporativo.com.br\/?p=15050"},"modified":"2023-06-23T17:21:45","modified_gmt":"2023-06-23T20:21:45","slug":"butanvac-2a-fase-do-estudo-da-vacina-100-brasileira-contra-covid-sofre-falta-de-voluntarios","status":"publish","type":"post","link":"https:\/\/jornalcorporativo.com.br\/en\/brasil\/butanvac-2a-fase-do-estudo-da-vacina-100-brasileira-contra-covid-sofre-falta-de-voluntarios\/","title":{"rendered":"ButanVac: 2\u00aa fase do estudo da vacina 100% brasileira contra Covid sofre falta de volunt\u00e1rios"},"content":{"rendered":"<p class=\"wp-block-paragraph\">A insatisfa\u00e7\u00e3o com os pre\u00e7os das comidas t\u00edpicas nas festas juninas e quermesses est\u00e1 em uma por\u00e7\u00e3o de relatos nas redes sociais: pacotes pequenos de pipoca por R$ 7, arroz doce e canjica por R$ 10 cada por\u00e7\u00e3o, milho na manteiga por R$ 12, entre tantos outros.<\/p>\n\n\n\n<p class=\"wp-block-paragraph\">E os valores mais altos n\u00e3o significam que escolas e igrejas estejam enchendo os bolsos com os lucros juninos. Pelo contr\u00e1rio: realizar uma festa junina ficou 11,41% mais caro em 2023, e desemboca em repasse nos pre\u00e7os ao consumidor final ou diminui\u00e7\u00e3o das margens.<\/p>\n\n\n\n<p class=\"wp-block-paragraph\">\u00c9 o que mostra uma pesquisa do Instituto Brasileiro de Economia da Funda\u00e7\u00e3o Getulio Vargas (FGV Ibre). A institui\u00e7\u00e3o fez um levantamento de pre\u00e7os para os \u00faltimos tr\u00eas anos com 27 dos principais itens t\u00edpicos dessa \u00e9poca. De todos, apenas dois tiveram uma queda em 2023.<\/p>\n\n\n\n<p class=\"wp-block-paragraph\">Produtos t\u00edpicos subiram mais que a infla\u00e7\u00e3o<br>A varia\u00e7\u00e3o m\u00e9dia dos produtos t\u00edpicos de festa junina entre junho de 2022 e maio de 2023 foi maior do que a pr\u00f3pria infla\u00e7\u00e3o do per\u00edodo.<\/p>\n\n\n\n<p class=\"wp-block-paragraph\">Segundo dados do FGV Ibre, o \u00cdndice de Pre\u00e7os ao Consumidor Semanal (IPC-S) foi de 3,75% entre aqueles meses, muito menor do que alta dos itens pesquisados. J\u00e1 o \u00cdndice de Pre\u00e7os ao Consumidor Amplo (IPCA), que representa a infla\u00e7\u00e3o oficial do pa\u00eds, subiu 3,94% no acumulado dos \u00faltimos 12 meses at\u00e9 maio, segundo o Instituto Brasileiro de Geografia e Estat\u00edstica (IBGE).<\/p>\n\n\n\n<p class=\"wp-block-paragraph\">De acordo com Matheus Pe\u00e7anha, economista e pesquisador do FGV Ibre, os itens juninos deveriam estar no cerne da desacelera\u00e7\u00e3o da infla\u00e7\u00e3o neste ano, mas essa queda est\u00e1 ocorrendo numa velocidade muito aqu\u00e9m da esperada.<\/p>\n\n\n\n<p class=\"wp-block-paragraph\">&#8220;S\u00f3 nesta \u00faltima leitura, de maio, que a gente come\u00e7a a ver uma desacelera\u00e7\u00e3o um pouco mais forte de alimentos, principalmente milho. Mas, no acumulado em 12 meses, ainda pegamos um longo per\u00edodo do ano passado, quando os pre\u00e7os dos alimentos estavam mais pressionados&#8221;, explica.<\/p>\n\n\n\n<p class=\"wp-block-paragraph\">O que levou a infla\u00e7\u00e3o junina a crescer tanto?<br>O especialista destaca que s\u00e3o tr\u00eas as principais raz\u00f5es para que os pre\u00e7os desses produtos continuem pressionados:<br>a demora no repasse de redu\u00e7\u00f5es nos pre\u00e7os;<br>o impacto na oferta e demanda por milho causado pela guerra na Ucr\u00e2nia;<br>a \u00e9poca produtiva para ovos e leite.<\/p>","protected":false},"excerpt":{"rendered":"<p>Expectativa do Instituto Butantan \u00e9 de preencher 400 vagas at\u00e9 agosto, mas at\u00e9 agora apenas 70 pessoas se candidataram<\/p>","protected":false},"author":3,"featured_media":15051,"comment_status":"open","ping_status":"open","sticky":false,"template":"","format":"standard","meta":{"_crdt_document":"","footnotes":""},"categories":[36],"tags":[],"class_list":["post-15050","post","type-post","status-publish","format-standard","has-post-thumbnail","hentry","category-brasil"],"brizy_media":[],"_links":{"self":[{"href":"https:\/\/jornalcorporativo.com.br\/en\/wp-json\/wp\/v2\/posts\/15050","targetHints":{"allow":["GET"]}}],"collection":[{"href":"https:\/\/jornalcorporativo.com.br\/en\/wp-json\/wp\/v2\/posts"}],"about":[{"href":"https:\/\/jornalcorporativo.com.br\/en\/wp-json\/wp\/v2\/types\/post"}],"author":[{"embeddable":true,"href":"https:\/\/jornalcorporativo.com.br\/en\/wp-json\/wp\/v2\/users\/3"}],"replies":[{"embeddable":true,"href":"https:\/\/jornalcorporativo.com.br\/en\/wp-json\/wp\/v2\/comments?post=15050"}],"version-history":[{"count":0,"href":"https:\/\/jornalcorporativo.com.br\/en\/wp-json\/wp\/v2\/posts\/15050\/revisions"}],"wp:featuredmedia":[{"embeddable":true,"href":"https:\/\/jornalcorporativo.com.br\/en\/wp-json\/wp\/v2\/media\/15051"}],"wp:attachment":[{"href":"https:\/\/jornalcorporativo.com.br\/en\/wp-json\/wp\/v2\/media?parent=15050"}],"wp:term":[{"taxonomy":"category","embeddable":true,"href":"https:\/\/jornalcorporativo.com.br\/en\/wp-json\/wp\/v2\/categories?post=15050"},{"taxonomy":"post_tag","embeddable":true,"href":"https:\/\/jornalcorporativo.com.br\/en\/wp-json\/wp\/v2\/tags?post=15050"}],"curies":[{"name":"wp","href":"https:\/\/api.w.org\/{rel}","templated":true}]}}