{"id":15054,"date":"2023-06-23T17:22:12","date_gmt":"2023-06-23T20:22:12","guid":{"rendered":"https:\/\/jornalcorporativo.com.br\/?p=15054"},"modified":"2023-06-23T17:22:15","modified_gmt":"2023-06-23T20:22:15","slug":"lula-diz-que-combate-a-desigualdade-deve-ter-tanta-prioridade-quanto-questao-climatica","status":"publish","type":"post","link":"https:\/\/jornalcorporativo.com.br\/en\/politica\/lula-diz-que-combate-a-desigualdade-deve-ter-tanta-prioridade-quanto-questao-climatica\/","title":{"rendered":"Lula diz que combate \u00e0 desigualdade deve ter &#8216;tanta prioridade&#8217; quanto quest\u00e3o clim\u00e1tica"},"content":{"rendered":"\n<p class=\"wp-block-paragraph\">O presidente Luiz In\u00e1cio Lula da Silva (PT) disse nesta sexta-feira (23) que o combate \u00e0 desigualdade deve ter tanta prioridade quanto a quest\u00e3o clim\u00e1tica. A declara\u00e7\u00e3o foi em discurso na C\u00fapula sobre Novo Pacto de Financiamento Global, em Paris, na Fran\u00e7a.<\/p>\n\n\n\n<p class=\"wp-block-paragraph\">Ao lado do presidente franc\u00eas, Emmanuel Macron, Lula disse n\u00e3o ser &#8220;poss\u00edvel&#8221; que, &#8220;em um reuni\u00e3o entre presidentes de pa\u00edses importantes, a palavra desigualdade n\u00e3o apare\u00e7a&#8221;.<\/p>\n\n\n\n<p class=\"wp-block-paragraph\">&#8220;Eu vim aqui para falar que, junto com a quest\u00e3o clim\u00e1tica, presidente Macron, n\u00f3s temos que colocar a quest\u00e3o da desigualdade mundial. N\u00e3o \u00e9 poss\u00edvel que numa reuni\u00e3o entre presidentes de pa\u00edses importantes, a palavra desigualdade n\u00e3o apare\u00e7a. A desigualdade salarial, a desigualdade de ra\u00e7a, a desigualdade de g\u00eanero, a desigualdade na educa\u00e7\u00e3o, a desigualdade na sa\u00fade&#8221;, disse.<\/p>\n\n\n\n<p class=\"wp-block-paragraph\">&#8220;Ou seja, n\u00f3s estamos num mundo cada vez mais desigual e, cada vez mais, a riqueza est\u00e1 concentrada na m\u00e3o de menos gente. E a pobreza concentrada na m\u00e3o de mais gente. Se n\u00f3s n\u00e3o discutirmos essa quest\u00e3o da desigualdade, e se a gente n\u00e3o colocar isso com tanta prioridade quanto a quest\u00e3o clim\u00e1tica, ou seja, a gente pode ter um clima muito bom e o povo continuar morrendo de fome em v\u00e1rios pa\u00edses do mundo.&#8221;<\/p>\n\n\n\n<p class=\"wp-block-paragraph\">Lula citou feitos de seus dois primeiros mandatos, entre 2003 e 2010, e dos de Dilma Rousseff (PT), entre 2011 e 2016, e disse que, recentemente, o Brasil &#8220;andou para tr\u00e1s, como muitos outros pa\u00edses andaram para tr\u00e1s&#8221;.<\/p>\n\n\n\n<p class=\"wp-block-paragraph\">&#8220;Depende do governo que \u00e9 eleito, depende do governo que tem a preocupa\u00e7\u00e3o com a quest\u00e3o social&#8221;, disse.<\/p>\n\n\n\n<p class=\"wp-block-paragraph\">Cr\u00edticas ao FMI<br>No discurso, o presidente brasileiro tamb\u00e9m fez cr\u00edticas ao Fundo Monet\u00e1rio Internacional (FMI), organiza\u00e7\u00e3o criada ap\u00f3s a Segunda Guerra para reestruturar as economias de pa\u00edses p\u00f3s-conflito. Hoje, a institui\u00e7\u00e3o oferece empr\u00e9stimos a na\u00e7\u00f5es em dificuldade financeira.<\/p>\n\n\n\n<p class=\"wp-block-paragraph\">Para Lula, &#8220;aquilo que foi criado depois da Segunda Guerra Mundial, as institui\u00e7\u00f5es [..] n\u00e3o funcionam mais, e n\u00e3o atendem mais as aspira\u00e7\u00f5es e nem os interesses da sociedade&#8221;.<\/p>\n\n\n\n<p class=\"wp-block-paragraph\">&#8220;Vamos ter claro que o Banco Mundial deixa muito a desejar naquilo que o mundo aspira do Banco Mundial. Vamos deixar claro que o FMI deixa muito a desejar naquilo que as pessoas esperam do FMI&#8221;, disse.<\/p>\n","protected":false},"excerpt":{"rendered":"<p>Em discurso em c\u00fapula, presidente afirmou que institui\u00e7\u00f5es n\u00e3o podem continuar &#8216;funcionando de forma equivocada&#8217;<\/p>","protected":false},"author":3,"featured_media":15055,"comment_status":"open","ping_status":"open","sticky":false,"template":"","format":"standard","meta":{"_crdt_document":"","footnotes":""},"categories":[7],"tags":[],"class_list":["post-15054","post","type-post","status-publish","format-standard","has-post-thumbnail","hentry","category-politica"],"brizy_media":[],"_links":{"self":[{"href":"https:\/\/jornalcorporativo.com.br\/en\/wp-json\/wp\/v2\/posts\/15054","targetHints":{"allow":["GET"]}}],"collection":[{"href":"https:\/\/jornalcorporativo.com.br\/en\/wp-json\/wp\/v2\/posts"}],"about":[{"href":"https:\/\/jornalcorporativo.com.br\/en\/wp-json\/wp\/v2\/types\/post"}],"author":[{"embeddable":true,"href":"https:\/\/jornalcorporativo.com.br\/en\/wp-json\/wp\/v2\/users\/3"}],"replies":[{"embeddable":true,"href":"https:\/\/jornalcorporativo.com.br\/en\/wp-json\/wp\/v2\/comments?post=15054"}],"version-history":[{"count":0,"href":"https:\/\/jornalcorporativo.com.br\/en\/wp-json\/wp\/v2\/posts\/15054\/revisions"}],"wp:featuredmedia":[{"embeddable":true,"href":"https:\/\/jornalcorporativo.com.br\/en\/wp-json\/wp\/v2\/media\/15055"}],"wp:attachment":[{"href":"https:\/\/jornalcorporativo.com.br\/en\/wp-json\/wp\/v2\/media?parent=15054"}],"wp:term":[{"taxonomy":"category","embeddable":true,"href":"https:\/\/jornalcorporativo.com.br\/en\/wp-json\/wp\/v2\/categories?post=15054"},{"taxonomy":"post_tag","embeddable":true,"href":"https:\/\/jornalcorporativo.com.br\/en\/wp-json\/wp\/v2\/tags?post=15054"}],"curies":[{"name":"wp","href":"https:\/\/api.w.org\/{rel}","templated":true}]}}