{"id":15082,"date":"2023-06-27T18:19:10","date_gmt":"2023-06-27T21:19:10","guid":{"rendered":"https:\/\/jornalcorporativo.com.br\/?p=15082"},"modified":"2023-06-27T18:19:13","modified_gmt":"2023-06-27T21:19:13","slug":"preco-medio-dos-remedios-sobe-66-em-maio-aponta-levantamento","status":"publish","type":"post","link":"https:\/\/jornalcorporativo.com.br\/en\/brasil\/preco-medio-dos-remedios-sobe-66-em-maio-aponta-levantamento\/","title":{"rendered":"Pre\u00e7o m\u00e9dio dos rem\u00e9dios sobe 6,6% em maio, aponta levantamento"},"content":{"rendered":"\n<p class=\"wp-block-paragraph\">Os rem\u00e9dios ficaram mais caros na regi\u00e3o metropolitana de S\u00e3o Paulo. Segundo levantamento feito pela Precifica, empresa especializada em estrat\u00e9gias de precifica\u00e7\u00e3o, o \u00cdndice de Pre\u00e7os de Medicamentos no e-commerce (IPM-Com) subiu 6,6% em maio em rela\u00e7\u00e3o a abril.<\/p>\n\n\n\n<p class=\"wp-block-paragraph\">O estudo envolve os rem\u00e9dios mais procurados, pertencentes a nove grupos diferentes e comercializados em seis grandes redes farmac\u00eauticas com atua\u00e7\u00e3o no e-commerce.<\/p>\n\n\n\n<p class=\"wp-block-paragraph\">O principal destaque de alta ficou com os antigripais, que registraram um aumento de 21,76% nos pre\u00e7os na varia\u00e7\u00e3o mensal de maio, ap\u00f3s queda de 14,36% no m\u00eas anterior.<\/p>\n\n\n\n<p class=\"wp-block-paragraph\">Em seguida, vieram os anti-histam\u00ednicos (antial\u00e9rgicos), com um avan\u00e7o de 13,18%, e os anticoncepcionais (7,31%). O \u00fanico grupo que apresentou queda no per\u00edodo foi o de antiparasitas, com um recuo de 34,04%.<\/p>\n\n\n\n<p class=\"wp-block-paragraph\">O que explica o aumento dos pre\u00e7os?<br>Segundo o presidente da Precifica, Ricardo Ramos, alguns fatores explicam o aumento dos pre\u00e7os dos medicamentos, tais como:<br>o ajuste de pre\u00e7os feito no final de mar\u00e7o;<br>a mudan\u00e7a no clima e a maior incid\u00eancia de chuvas;<br>e o repasse de pre\u00e7os das f\u00e1bricas.<\/p>\n\n\n\n<p class=\"wp-block-paragraph\">Ajuste de pre\u00e7os<br>O primeiro ponto a ser considerado, aponta Ramos, \u00e9 o ajuste de pre\u00e7os autorizado pela C\u00e2mara de Regula\u00e7\u00e3o do Mercado de Medicamentos (CMED) e realizado ao final do m\u00eas de mar\u00e7o.<\/p>\n\n\n\n<p class=\"wp-block-paragraph\">\u201cO ajuste foi feito com base no IPCA [infla\u00e7\u00e3o oficial do pa\u00eds] acumulado entre mar\u00e7o de 2022 e fevereiro de 2023 (5,6%). Como a renova\u00e7\u00e3o de estoque pode variar bastante entre classes diferentes de produtos, o ajuste pode refletir em meses subsequentes\u201d, afirmou o executivo.<\/p>\n\n\n\n<p class=\"wp-block-paragraph\">De acordo com a companhia, apesar de diferir do percentual de infla\u00e7\u00e3o divulgado pelo Instituto Brasileiro de Geografia e Estat\u00edstica (IBGE), o n\u00famero segue a mesma tend\u00eancia de alta dos pre\u00e7os. A diferen\u00e7a se d\u00e1 porque o indicador do IBGE tamb\u00e9m analisa pre\u00e7os de grupos que n\u00e3o s\u00e3o monitorados pela Precifica.<\/p>\n\n\n\n<p class=\"wp-block-paragraph\">N\u00e3o \u00e0 toa, o grupo &#8220;Sa\u00fade e cuidados pessoais&#8221; foi o principal destaque de alta no IPCA nos \u00faltimos dois meses. Em maio, por exemplo, o segmento registrou um avan\u00e7o de 0,93%, ap\u00f3s ter aumentado 1,49% em abril. Em ambos os casos, o setor foi o que teve a maior alta no indicador.<\/p>\n","protected":false},"excerpt":{"rendered":"<p>Estudo considera os medicamentos mais procurados, pertencentes a nove grupos diferentes e vendidos em seis redes farmac\u00eauticas<\/p>","protected":false},"author":3,"featured_media":15083,"comment_status":"open","ping_status":"open","sticky":false,"template":"","format":"standard","meta":{"_crdt_document":"","footnotes":""},"categories":[36],"tags":[],"class_list":["post-15082","post","type-post","status-publish","format-standard","has-post-thumbnail","hentry","category-brasil"],"brizy_media":[],"_links":{"self":[{"href":"https:\/\/jornalcorporativo.com.br\/en\/wp-json\/wp\/v2\/posts\/15082","targetHints":{"allow":["GET"]}}],"collection":[{"href":"https:\/\/jornalcorporativo.com.br\/en\/wp-json\/wp\/v2\/posts"}],"about":[{"href":"https:\/\/jornalcorporativo.com.br\/en\/wp-json\/wp\/v2\/types\/post"}],"author":[{"embeddable":true,"href":"https:\/\/jornalcorporativo.com.br\/en\/wp-json\/wp\/v2\/users\/3"}],"replies":[{"embeddable":true,"href":"https:\/\/jornalcorporativo.com.br\/en\/wp-json\/wp\/v2\/comments?post=15082"}],"version-history":[{"count":0,"href":"https:\/\/jornalcorporativo.com.br\/en\/wp-json\/wp\/v2\/posts\/15082\/revisions"}],"wp:featuredmedia":[{"embeddable":true,"href":"https:\/\/jornalcorporativo.com.br\/en\/wp-json\/wp\/v2\/media\/15083"}],"wp:attachment":[{"href":"https:\/\/jornalcorporativo.com.br\/en\/wp-json\/wp\/v2\/media?parent=15082"}],"wp:term":[{"taxonomy":"category","embeddable":true,"href":"https:\/\/jornalcorporativo.com.br\/en\/wp-json\/wp\/v2\/categories?post=15082"},{"taxonomy":"post_tag","embeddable":true,"href":"https:\/\/jornalcorporativo.com.br\/en\/wp-json\/wp\/v2\/tags?post=15082"}],"curies":[{"name":"wp","href":"https:\/\/api.w.org\/{rel}","templated":true}]}}