{"id":15094,"date":"2023-06-27T18:23:31","date_gmt":"2023-06-27T21:23:31","guid":{"rendered":"https:\/\/jornalcorporativo.com.br\/?p=15094"},"modified":"2023-06-27T18:23:35","modified_gmt":"2023-06-27T21:23:35","slug":"chance-de-titulo-x-cristiano-ronaldo-os-motivos-de-luis-castro","status":"publish","type":"post","link":"https:\/\/jornalcorporativo.com.br\/en\/esportes\/chance-de-titulo-x-cristiano-ronaldo-os-motivos-de-luis-castro\/","title":{"rendered":"Chance de t\u00edtulo x Cristiano Ronaldo: os motivos de Lu\u00eds Castro"},"content":{"rendered":"<p class=\"wp-block-paragraph\">O Botafogo vive dias agitados pela indefini\u00e7\u00e3o do futuro de Lu\u00eds Castro. Com proposta do Al-Nassr, o treinador balan\u00e7a sob uma poss\u00edvel sa\u00edda e pode deixar o clube no meio da temporada.<\/p>\n\n\n\n<p class=\"wp-block-paragraph\">O que pesa a favor de Lu\u00eds Castro<br>Chance de t\u00edtulo e entrar na hist\u00f3ria<br>Castro j\u00e1 est\u00e1 entre os principais nomes da hist\u00f3ria recente que comandaram o Botafogo &#8211; entre os motivos, o bom momento no Brasileir\u00e3o e a quebra recente de tabus. L\u00edder, o time pode alcan\u00e7ar o o t\u00edtulo do Campeonato Brasileiro depois de 28 anos, quebrando um jejum hist\u00f3rico. Al\u00e9m disso, disputa a Sul-Americana, outro t\u00edtulo que pode ser alcan\u00e7ado em 2023.<\/p>\n\n\n\n<p class=\"wp-block-paragraph\">Elenco comprou a ideia<br>\u00c9 not\u00e1vel a boa rela\u00e7\u00e3o da comiss\u00e3o t\u00e9cnica com os jogadores. De criticados no in\u00edcio do ano, ap\u00f3s queda no Campeonato Carioca, a equipe se reergueu sob o comando do portugu\u00eas e chegou ao melhor momento do time desde que Castro desembarcou no Rio de Janeiro.<\/p>\n\n\n\n<p class=\"wp-block-paragraph\">Textor teve voto de confian\u00e7a no momento ruim<br>Sob desconfian\u00e7a do in\u00edcio da temporada ap\u00f3s n\u00e3o levar o time \u00e0 semifinal do Carioca, Lu\u00eds Castro sofreu com as cr\u00edticas e chegou a balan\u00e7ar no cargo. O torcedor botafoguense chegou a pedir a sua sa\u00edda, mas John Textor, dono da SAF do Botafogo, defendeu o t\u00e9cnico e bancou sua perman\u00eancia. A oferta do Al-Nassr surge como primeira oportunidade de sa\u00edda com decis\u00e3o exclusivamente do treinador.<br>O que pesa contra Lu\u00eds Castro<br>Cristiano Ronaldo<br>Treinar o maior jogador portugu\u00eas de todos os tempos \u00e9 uma oportunidade \u00fanica para um luso. O atacante \u00e9 a estrela do Al-Nassr e tem sido uma das pessoas mais influentes internamente para convencer o clube saudita a contratar Lu\u00eds Castro. O comandante admira &#8211; e muito &#8211; o camisa 7 e enxerga como uma honra o pedido do atleta.<\/p>\n\n\n\n<p class=\"wp-block-paragraph\">Proposta salarial<br>O Al-Nassr ofereceu 6 milh\u00f5es de d\u00f3lares limpos por ano &#8211; ou seja, sem contar as taxas de impostos &#8211; para os bolsos de Lu\u00eds Castro. Isso daria cerca de R$ 3 milh\u00f5es por m\u00eas, quase o triplo que ele recebe no Botafogo. O contrato oferecido \u00e9 por v\u00e1lido por duas temporadas.<\/p>","protected":false},"excerpt":{"rendered":"<p>Com proposta do Al-Nassr, o treinador balan\u00e7a sob uma poss\u00edvel sa\u00edda e pode deixar o clube no meio da temporada<\/p>","protected":false},"author":3,"featured_media":15095,"comment_status":"open","ping_status":"open","sticky":false,"template":"","format":"standard","meta":{"_crdt_document":"","footnotes":""},"categories":[6],"tags":[],"class_list":["post-15094","post","type-post","status-publish","format-standard","has-post-thumbnail","hentry","category-esportes"],"brizy_media":[],"_links":{"self":[{"href":"https:\/\/jornalcorporativo.com.br\/en\/wp-json\/wp\/v2\/posts\/15094","targetHints":{"allow":["GET"]}}],"collection":[{"href":"https:\/\/jornalcorporativo.com.br\/en\/wp-json\/wp\/v2\/posts"}],"about":[{"href":"https:\/\/jornalcorporativo.com.br\/en\/wp-json\/wp\/v2\/types\/post"}],"author":[{"embeddable":true,"href":"https:\/\/jornalcorporativo.com.br\/en\/wp-json\/wp\/v2\/users\/3"}],"replies":[{"embeddable":true,"href":"https:\/\/jornalcorporativo.com.br\/en\/wp-json\/wp\/v2\/comments?post=15094"}],"version-history":[{"count":0,"href":"https:\/\/jornalcorporativo.com.br\/en\/wp-json\/wp\/v2\/posts\/15094\/revisions"}],"wp:featuredmedia":[{"embeddable":true,"href":"https:\/\/jornalcorporativo.com.br\/en\/wp-json\/wp\/v2\/media\/15095"}],"wp:attachment":[{"href":"https:\/\/jornalcorporativo.com.br\/en\/wp-json\/wp\/v2\/media?parent=15094"}],"wp:term":[{"taxonomy":"category","embeddable":true,"href":"https:\/\/jornalcorporativo.com.br\/en\/wp-json\/wp\/v2\/categories?post=15094"},{"taxonomy":"post_tag","embeddable":true,"href":"https:\/\/jornalcorporativo.com.br\/en\/wp-json\/wp\/v2\/tags?post=15094"}],"curies":[{"name":"wp","href":"https:\/\/api.w.org\/{rel}","templated":true}]}}