{"id":15289,"date":"2023-07-11T21:50:59","date_gmt":"2023-07-12T00:50:59","guid":{"rendered":"https:\/\/jornalcorporativo.com.br\/?p=15289"},"modified":"2023-07-11T21:51:02","modified_gmt":"2023-07-12T00:51:02","slug":"juninho-ex-coordenador-da-selecao-passa-a-limpo-a-copa-do-catar","status":"publish","type":"post","link":"https:\/\/jornalcorporativo.com.br\/en\/esportes\/juninho-ex-coordenador-da-selecao-passa-a-limpo-a-copa-do-catar\/","title":{"rendered":"Juninho, ex-coordenador da sele\u00e7\u00e3o, passa a limpo a Copa do Catar"},"content":{"rendered":"<p class=\"wp-block-paragraph\">Aos 50 anos, Oswaldo Giroldo J\u00fanior, o Juninho, prefere respirar antes de buscar novo rumo profissional. Depois de dez anos no Ituano, ele foi escolhido como diretor de Desenvolvimento da CBF no in\u00edcio da gest\u00e3o Rog\u00e9rio Caboclo e logo substituiu Edu Gaspar, em 2019, como coordenador da Sele\u00e7\u00e3o.<\/p>\n\n\n\n<p class=\"wp-block-paragraph\">Desligado no fim da Copa do Catar, o ex-jogador, campe\u00e3o do mundo pelo S\u00e3o Paulo e pela sele\u00e7\u00e3o brasileira em 2002, concedeu entrevista, e relembrou o que passou ao lado de Tite e companhia.<\/p>\n\n\n\n<p class=\"wp-block-paragraph\">Prod\u00edgio do &#8220;expressinho&#8221; de Tel\u00ea no S\u00e3o Paulo no in\u00edcio dos anos de 1990, Juninho come\u00e7ou no futebol de sal\u00e3o do Juventus-SP aos seis anos, mas quase largou tudo pelas negativas no campo no tradicional clube da Mooca paulista e tamb\u00e9m no Corinthians. Com apoio do pai, ex-vendedor de alum\u00ednio e dono de banca de jornal, fez trabalho especial para engordar &#8211; saiu dos 55 kg para 58 kg com rem\u00e9dio todos os s\u00e1bados e tr\u00eas refei\u00e7\u00f5es pesadas por dia &#8211; e se tornar um dos extras\u00e9ries do seu tempo.<\/p>\n\n\n\n<p class=\"wp-block-paragraph\">Com a experi\u00eancia de quem teve o pai como empres\u00e1rio na carreira &#8211; e de quem olha para tr\u00e1s e v\u00ea algumas desvantagens nessa rela\u00e7\u00e3o no desenvolvimento da carreira -, Juninho passa a limpo os quatro anos de CBF com reflex\u00f5es sobre Neymar, Daniel Alves e a escolha do novo t\u00e9cnico do Brasil.<\/p>\n\n\n\n<p class=\"wp-block-paragraph\">Depois da elimina\u00e7\u00e3o do Brasil, discutiu-se aquela imagem do Tite saindo de campo logo ap\u00f3s os p\u00eanaltis contra a Cro\u00e1cia. Qual a sua avalia\u00e7\u00e3o daquele epis\u00f3dio?<br>\u2013 Nos p\u00eanaltis, ele estava com todo mundo e tinham v\u00e1rios jogadores ali. Quando terminou, eu j\u00e1 parti para os jogadores que estavam em campo. E ele ficou com esse pessoal todo. Foi uma tristeza muito grande para ele. Acho que foi um dos piores momentos da vida dele, da carreira. Teve a B\u00e9lgica, mas (antes da Copa de 2022) teve um ciclo inteiro, a confian\u00e7a era muito grande nesse per\u00edodo. Tudo caiu em cima da cabe\u00e7a dele. Sempre cai em cima da cabe\u00e7a do treinador primeiro essa elimina\u00e7\u00e3o. Mesmo assim ele ficou ainda com o pessoal ali pr\u00f3ximo, n\u00e3o teve essa atitude de entrar em campo, mas ele \u00e9 muito introspectivo.<\/p>","protected":false},"excerpt":{"rendered":"<p>Sem passagem de bast\u00e3o, ex-jogador defende acertos em ciclo do \u00faltimo Mundial: &#8220;O processo foi de excel\u00eancia&#8221;<\/p>","protected":false},"author":3,"featured_media":15290,"comment_status":"open","ping_status":"open","sticky":false,"template":"","format":"standard","meta":{"_crdt_document":"","footnotes":""},"categories":[6],"tags":[],"class_list":["post-15289","post","type-post","status-publish","format-standard","has-post-thumbnail","hentry","category-esportes"],"brizy_media":[],"_links":{"self":[{"href":"https:\/\/jornalcorporativo.com.br\/en\/wp-json\/wp\/v2\/posts\/15289","targetHints":{"allow":["GET"]}}],"collection":[{"href":"https:\/\/jornalcorporativo.com.br\/en\/wp-json\/wp\/v2\/posts"}],"about":[{"href":"https:\/\/jornalcorporativo.com.br\/en\/wp-json\/wp\/v2\/types\/post"}],"author":[{"embeddable":true,"href":"https:\/\/jornalcorporativo.com.br\/en\/wp-json\/wp\/v2\/users\/3"}],"replies":[{"embeddable":true,"href":"https:\/\/jornalcorporativo.com.br\/en\/wp-json\/wp\/v2\/comments?post=15289"}],"version-history":[{"count":0,"href":"https:\/\/jornalcorporativo.com.br\/en\/wp-json\/wp\/v2\/posts\/15289\/revisions"}],"wp:featuredmedia":[{"embeddable":true,"href":"https:\/\/jornalcorporativo.com.br\/en\/wp-json\/wp\/v2\/media\/15290"}],"wp:attachment":[{"href":"https:\/\/jornalcorporativo.com.br\/en\/wp-json\/wp\/v2\/media?parent=15289"}],"wp:term":[{"taxonomy":"category","embeddable":true,"href":"https:\/\/jornalcorporativo.com.br\/en\/wp-json\/wp\/v2\/categories?post=15289"},{"taxonomy":"post_tag","embeddable":true,"href":"https:\/\/jornalcorporativo.com.br\/en\/wp-json\/wp\/v2\/tags?post=15289"}],"curies":[{"name":"wp","href":"https:\/\/api.w.org\/{rel}","templated":true}]}}