{"id":15293,"date":"2023-07-11T21:52:37","date_gmt":"2023-07-12T00:52:37","guid":{"rendered":"https:\/\/jornalcorporativo.com.br\/?p=15293"},"modified":"2023-07-11T21:52:41","modified_gmt":"2023-07-12T00:52:41","slug":"sindrome-de-guillain-barre-e-contagiosa-entenda-doenca","status":"publish","type":"post","link":"https:\/\/jornalcorporativo.com.br\/en\/saude-natural\/sindrome-de-guillain-barre-e-contagiosa-entenda-doenca\/","title":{"rendered":"S\u00edndrome de Guillain-Barr\u00e9 \u00e9 contagiosa? Entenda doen\u00e7a"},"content":{"rendered":"<p class=\"wp-block-paragraph\">A s\u00edndrome de Guillain-Barr\u00e9 \u00e9 uma condi\u00e7\u00e3o neurol\u00f3gica rara e grave, em que o sistema imunol\u00f3gico do corpo ataca o sistema nervoso perif\u00e9rico. Isso resulta em uma inflama\u00e7\u00e3o dos nervos, que por sua vez leva \u00e0 fraqueza muscular, formigamento, dorm\u00eancia e, em casos mais graves, paralisia.<\/p>\n\n\n\n<p class=\"wp-block-paragraph\">A doen\u00e7a \u00e9 contagiosa?<br>Segundo a Fiocruz, a doen\u00e7a n\u00e3o \u00e9 contagiosa ou transmiss\u00edvel, ou seja, n\u00e3o se transmite de pessoa para pessoa. Trata-se de uma manifesta\u00e7\u00e3o autoimune.<\/p>\n\n\n\n<p class=\"wp-block-paragraph\">Quais s\u00e3o os sintomas?<br>Os sintomas costumam ser motores. Na maioria dos casos, tem car\u00e1ter ascendente, ou seja, come\u00e7a pelos p\u00e9s, &#8220;sobe&#8221; para as pernas e posteriormente atinge os bra\u00e7os. H\u00e1 dificuldade para andar e manusear objetos.<\/p>\n\n\n\n<p class=\"wp-block-paragraph\">&#8220;Podendo chegar \u00e0 paralisia da face, em que o indiv\u00edduo fica sem express\u00e3o facial&#8221;, explica o neurologista Osvaldo Nascimento, da Universidade Federal Fluminense.<\/p>\n\n\n\n<p class=\"wp-block-paragraph\">Os sintomas sensitivos tamb\u00e9m podem estar associados \u00e0 s\u00edndrome e podem ser desde dorm\u00eancia nos p\u00e9s ou pernas e m\u00e3os, at\u00e9 mesmo dores distribu\u00eddas nestas regi\u00f5es.<br>Outros sinais e sintomas que podem estar relacionados \u00e0 S\u00edndrome de Guillain-Barr\u00e9, segundo o Minist\u00e9rio da Sa\u00fade:<br>Sonol\u00eancia;<br>Confus\u00e3o mental;<br>Coma;<br>Crise epil\u00e9ptica;<br>Altera\u00e7\u00e3o do n\u00edvel de consci\u00eancia;<br>Perda da coordena\u00e7\u00e3o muscular;<br>Vis\u00e3o dupla;<br>Fraqueza facial;<br>Tremores;<br>Redu\u00e7\u00e3o ou perda do tono muscular;<br>Dorm\u00eancia, queima\u00e7\u00e3o ou coceira nos membros.<\/p>\n\n\n\n<p class=\"wp-block-paragraph\">Qual a causa?<br>Algumas condi\u00e7\u00f5es podem precipitar uma rea\u00e7\u00e3o imunol\u00f3gica e essa rea\u00e7\u00e3o &#8220;atacar&#8221; o sistema nervoso, mas n\u00e3o existe uma causa espec\u00edfica.<\/p>\n\n\n\n<p class=\"wp-block-paragraph\">Ainda de acordo com o Minist\u00e9rio da Sa\u00fade, v\u00e1rias infec\u00e7\u00f5es t\u00eam sido associadas \u00e0 S\u00edndrome de Guillain-Barr\u00e9, sendo a infec\u00e7\u00e3o por Campylobacter, que causa diarr\u00e9ia, a mais comum.<\/p>\n\n\n\n<p class=\"wp-block-paragraph\">Outras infec\u00e7\u00f5es encontradas na literatura cientifica que podem desencadear essa doen\u00e7a incluem Zika, dengue, chikungunya, citomegalov\u00edrus, v\u00edrus Epstein-Barr, sarampo, v\u00edrus de influenza A, Mycoplasma pneumoniae, enterovirus D68, hepatite A, B, C, HIV, entre outros.<\/p>\n\n\n\n<p class=\"wp-block-paragraph\">Como \u00e9 feito o diagn\u00f3stico?<br>N\u00e3o h\u00e1 um teste espec\u00edfico para o diagn\u00f3stico. Nascimento explica que s\u00edndrome \u00e9 um conjunto de sinais e sintomas. No caso da Guillain-Barr\u00e9, estes sintomas s\u00e3o cl\u00ednicos nos primeiros dias, ou seja, n\u00e3o aparecer\u00e1 em exames. Por isso \u00e9 dif\u00edcil diagnosticar a s\u00edndrome.<\/p>\n\n\n\n<p class=\"wp-block-paragraph\">&#8220;O m\u00e9dico precisa estar atento a isso, ao reconhecimento cl\u00ednico. O neurologista tem uma intimidade maior com o diagn\u00f3stico, mas \u00e9 importante que se considere que este paciente vai procurar a emerg\u00eancia, ent\u00e3o \u00e9 importante que o profissional da \u00e1rea de sa\u00fade tenha o conhecimento para ajudar a reconhecer e com isso direcionar para o tratamento m\u00e9dico adequado&#8221;, diz Nascimento.<\/p>\n\n\n\n<p class=\"wp-block-paragraph\">Como \u00e9 feito o tratamento?<br>O tratamento vai depender da situa\u00e7\u00e3o cl\u00ednica do paciente. Em alguns casos, o paciente pode ter paralisia da musculatura respirat\u00f3ria e altera\u00e7\u00f5es do ritmo card\u00edaco e precisa ficar internado da Unidade de Terapia Intensiva.<\/p>\n\n\n\n<p class=\"wp-block-paragraph\">Geralmente, o tratamento \u00e9 feito com imunoglobulina ou plasmaferese.<\/p>","protected":false},"excerpt":{"rendered":"<p>Peru declarou emerg\u00eancia de sa\u00fade, ap\u00f3s a morte de quatro pessoas por essa doen\u00e7a, que afeta o sistema neurol\u00f3gico<\/p>","protected":false},"author":3,"featured_media":15294,"comment_status":"open","ping_status":"open","sticky":false,"template":"","format":"standard","meta":{"_crdt_document":"","footnotes":""},"categories":[8],"tags":[],"class_list":["post-15293","post","type-post","status-publish","format-standard","has-post-thumbnail","hentry","category-saude-natural"],"brizy_media":[],"_links":{"self":[{"href":"https:\/\/jornalcorporativo.com.br\/en\/wp-json\/wp\/v2\/posts\/15293","targetHints":{"allow":["GET"]}}],"collection":[{"href":"https:\/\/jornalcorporativo.com.br\/en\/wp-json\/wp\/v2\/posts"}],"about":[{"href":"https:\/\/jornalcorporativo.com.br\/en\/wp-json\/wp\/v2\/types\/post"}],"author":[{"embeddable":true,"href":"https:\/\/jornalcorporativo.com.br\/en\/wp-json\/wp\/v2\/users\/3"}],"replies":[{"embeddable":true,"href":"https:\/\/jornalcorporativo.com.br\/en\/wp-json\/wp\/v2\/comments?post=15293"}],"version-history":[{"count":0,"href":"https:\/\/jornalcorporativo.com.br\/en\/wp-json\/wp\/v2\/posts\/15293\/revisions"}],"wp:featuredmedia":[{"embeddable":true,"href":"https:\/\/jornalcorporativo.com.br\/en\/wp-json\/wp\/v2\/media\/15294"}],"wp:attachment":[{"href":"https:\/\/jornalcorporativo.com.br\/en\/wp-json\/wp\/v2\/media?parent=15293"}],"wp:term":[{"taxonomy":"category","embeddable":true,"href":"https:\/\/jornalcorporativo.com.br\/en\/wp-json\/wp\/v2\/categories?post=15293"},{"taxonomy":"post_tag","embeddable":true,"href":"https:\/\/jornalcorporativo.com.br\/en\/wp-json\/wp\/v2\/tags?post=15293"}],"curies":[{"name":"wp","href":"https:\/\/api.w.org\/{rel}","templated":true}]}}