{"id":15297,"date":"2023-07-11T21:56:48","date_gmt":"2023-07-12T00:56:48","guid":{"rendered":"https:\/\/jornalcorporativo.com.br\/?p=15297"},"modified":"2023-07-11T21:56:52","modified_gmt":"2023-07-12T00:56:52","slug":"ucrania-sera-convidada-a-entrar-na-otan-mas-nao-agora","status":"publish","type":"post","link":"https:\/\/jornalcorporativo.com.br\/en\/internacional\/ucrania-sera-convidada-a-entrar-na-otan-mas-nao-agora\/","title":{"rendered":"Ucr\u00e2nia ser\u00e1 convidada a entrar na Otan, mas n\u00e3o agora"},"content":{"rendered":"\n<p class=\"wp-block-paragraph\">O governo do Peru decretou estado emerg\u00eancia sanit\u00e1ria nacional, no s\u00e1bado (8\/7), devido ao \u201caumento incomum\u201d de casos da s\u00edndrome de Guillain Barr\u00e9.<\/p>\n\n\n\n<p class=\"wp-block-paragraph\">Segundo os dados do Minist\u00e9rio da Sa\u00fade local, o pa\u00eds registrou 182 pacientes com a doen\u00e7a no primeiro semestre de 2023. Desses, quatro morreram, 31 seguem internados e 147 receberam alta.<\/p>\n\n\n\n<p class=\"wp-block-paragraph\">Segundo a nota publicada, o decreto de emerg\u00eancia sanit\u00e1ria vale por 90 dias e permitir\u00e1 que as autoridades acelerem a compra de insumos e medicamentos para lidar com a alta repentina nas notifica\u00e7\u00f5es desse problema.<\/p>\n\n\n\n<p class=\"wp-block-paragraph\">O ministro da Sa\u00fade peruano, C\u00e9sar V\u00e1squez, declarou que a decis\u00e3o aconteceu ap\u00f3s \u201cum incremento importante [de casos] durante as \u00faltimas semanas\u201d, o que exige \u201ca\u00e7\u00f5es do Estado para proteger a sa\u00fade e a vida da popula\u00e7\u00e3o\u201d.<\/p>\n\n\n\n<p class=\"wp-block-paragraph\">O que \u00e9 a s\u00edndrome de Guillain Barr\u00e9 e quais s\u00e3o as principais formas de diagn\u00f3stico e tratamento?<br>O ataque de um antigo aliado<br>A s\u00edndrome de Guillain Barr\u00e9 \u00e9 classificada como uma doen\u00e7a autoimune, em que o pr\u00f3prio sistema imunol\u00f3gico passa a atacar certas partes do corpo de um indiv\u00edduo.<\/p>\n\n\n\n<p class=\"wp-block-paragraph\">No caso espec\u00edfico desta doen\u00e7a, a regi\u00e3o acometida \u00e9 o sistema nervoso perif\u00e9rico, respons\u00e1vel por fazer a comunica\u00e7\u00e3o entre o c\u00e9rebro e as diferentes regi\u00f5es e estruturas do nosso organismo.<\/p>\n\n\n\n<p class=\"wp-block-paragraph\">Mas o que leva a esse ataque s\u00fabito das c\u00e9lulas de defesa?<\/p>\n\n\n\n<p class=\"wp-block-paragraph\">O minist\u00e9rio ressalta que \u201cmuitos v\u00edrus e bact\u00e9rias j\u00e1 foram associados temporalmente com o desenvolvimento da s\u00edndrome de Guillain Barr\u00e9, embora em geral seja dif\u00edcil comprovar a verdadeira causalidade da doen\u00e7a\u201d.<\/p>\n\n\n\n<p class=\"wp-block-paragraph\">E n\u00e3o h\u00e1 uma rela\u00e7\u00e3o entre a gravidade da infec\u00e7\u00e3o e o aparecimento da doen\u00e7a: mesmo quadros leves e com poucos sintomas podem engatilhar o ataque ao sistema nervoso perif\u00e9rico.<\/p>\n","protected":false},"excerpt":{"rendered":"<p>Pa\u00edses membros, entre eles EUA e Fran\u00e7a, divergem sobre ingresso da Ucr\u00e2nia no grupo, que protege todos os seus membros<\/p>","protected":false},"author":3,"featured_media":15298,"comment_status":"open","ping_status":"open","sticky":false,"template":"","format":"standard","meta":{"_crdt_document":"","footnotes":""},"categories":[2],"tags":[],"class_list":["post-15297","post","type-post","status-publish","format-standard","has-post-thumbnail","hentry","category-internacional"],"brizy_media":[],"_links":{"self":[{"href":"https:\/\/jornalcorporativo.com.br\/en\/wp-json\/wp\/v2\/posts\/15297","targetHints":{"allow":["GET"]}}],"collection":[{"href":"https:\/\/jornalcorporativo.com.br\/en\/wp-json\/wp\/v2\/posts"}],"about":[{"href":"https:\/\/jornalcorporativo.com.br\/en\/wp-json\/wp\/v2\/types\/post"}],"author":[{"embeddable":true,"href":"https:\/\/jornalcorporativo.com.br\/en\/wp-json\/wp\/v2\/users\/3"}],"replies":[{"embeddable":true,"href":"https:\/\/jornalcorporativo.com.br\/en\/wp-json\/wp\/v2\/comments?post=15297"}],"version-history":[{"count":0,"href":"https:\/\/jornalcorporativo.com.br\/en\/wp-json\/wp\/v2\/posts\/15297\/revisions"}],"wp:featuredmedia":[{"embeddable":true,"href":"https:\/\/jornalcorporativo.com.br\/en\/wp-json\/wp\/v2\/media\/15298"}],"wp:attachment":[{"href":"https:\/\/jornalcorporativo.com.br\/en\/wp-json\/wp\/v2\/media?parent=15297"}],"wp:term":[{"taxonomy":"category","embeddable":true,"href":"https:\/\/jornalcorporativo.com.br\/en\/wp-json\/wp\/v2\/categories?post=15297"},{"taxonomy":"post_tag","embeddable":true,"href":"https:\/\/jornalcorporativo.com.br\/en\/wp-json\/wp\/v2\/tags?post=15297"}],"curies":[{"name":"wp","href":"https:\/\/api.w.org\/{rel}","templated":true}]}}