{"id":15301,"date":"2023-07-11T21:59:33","date_gmt":"2023-07-12T00:59:33","guid":{"rendered":"https:\/\/jornalcorporativo.com.br\/?p=15301"},"modified":"2023-07-11T21:59:37","modified_gmt":"2023-07-12T00:59:37","slug":"moraes-apontou-numero-elevadissimo-de-visitas-a-mauro-cid","status":"publish","type":"post","link":"https:\/\/jornalcorporativo.com.br\/en\/politica\/moraes-apontou-numero-elevadissimo-de-visitas-a-mauro-cid\/","title":{"rendered":"Moraes apontou n\u00famero &#8216;elevad\u00edssimo&#8217; de visitas a Mauro Cid"},"content":{"rendered":"<p class=\"wp-block-paragraph\">&#8220;O n\u00famero de visitas recebidas \u00e9 elevad\u00edssimo&#8221;, apontou o ministro Alexandre de Moraes, do Supremo Tribunal Federal (STF), ao tomar conhecimento das visitas recebidas pelo tenente-coronel Mauro Cid, ex-ajudante de ordens do ex-presidente Jair Bolsonaro, na pris\u00e3o especial do Batalh\u00e3o da Pol\u00edcia Ex\u00e9rcito de Bras\u00edlia onde est\u00e1 desde o dia 3 de maio.<\/p>\n\n\n\n<p class=\"wp-block-paragraph\">Segundo informa\u00e7\u00f5es do Ex\u00e9rcito enviadas ao ministro, Cid recebeu 73 visitas em 19 dias.<\/p>\n\n\n\n<p class=\"wp-block-paragraph\">&#8220;No caso concreto, o n\u00famero de visitas recebidas \u00e9 elevad\u00edssimo, a indicar falta de razoabilidade em rela\u00e7\u00e3o \u00e0s autoriza\u00e7\u00f5es de visitas a Mauro Cid&#8221;, escreveu o ministro.<br>Mauro Cid est\u00e1 preso prevetivamente por determina\u00e7\u00e3o de Moraes. Ele \u00e9 suspeito de fraudar cart\u00f5es de vacina\u00e7\u00e3o contra a covid-19 de familiares, de Jair Bolsonaro e da sua filha.<\/p>\n\n\n\n<p class=\"wp-block-paragraph\">A CPI dos Atos Golpistas recebeu a lista de visitas que o tenente-coronel Mauro Cid recebeu na pris\u00e3o.<\/p>\n\n\n\n<p class=\"wp-block-paragraph\">Moraes restringiu as visitas a apenas a mulher, filhos e advogados. As demais, devem ser autorizadas por ele.<\/p>\n\n\n\n<p class=\"wp-block-paragraph\">No dia 19 de maio, Moraes solicitou ao comandante do Batalh\u00e3o da Pol\u00edcia do Ex\u00e9rcito de Bras\u00edlia, coronel Bruno Barbosa Fett Magalh\u00e3es, informa\u00e7\u00f5es sobre as regras de visita\u00e7\u00e3o e uma rela\u00e7\u00e3o das visitas recebidas por Mauro Cid.<\/p>\n\n\n\n<p class=\"wp-block-paragraph\">O Ex\u00e9rcito encaminhou um of\u00edcio ao ministro informando que as visitas acontecem \u00e0s ter\u00e7as-feiras, quintas-feiras e domingos, mediante agendamento pr\u00e9vio e, excepcionalmente, em outros dias desde que autorizada pelo Comando do Batalh\u00e3o.<\/p>\n\n\n\n<p class=\"wp-block-paragraph\">Com base nestas informa\u00e7\u00f5es, Moraes solicitou novas informa\u00e7\u00f5es ao comandante pra saber se havia um regulamento para a visita de presos no Batalh\u00e3o e se os demais presos receberam o mesmo n\u00famero de visitas no mesmo per\u00edodo.<\/p>\n\n\n\n<p class=\"wp-block-paragraph\">O ministro tamb\u00e9m questionou se visitas a Mauro Cid foram autorizadas em hor\u00e1rios e dias extras e tamb\u00e9m se havia ou n\u00e3o um limite de visitas.<\/p>\n\n\n\n<p class=\"wp-block-paragraph\">O Ex\u00e9rcito respondeu que as regras para visitar presos s\u00e3o as &#8220;Normas Administrativas para Pris\u00e3o Especial (NAPE), que regulam os procedimentos em caso de pris\u00e3o especial de militares que se encontram a disposi\u00e7\u00e3o da justi\u00e7a comum ou militar&#8221;.<\/p>","protected":false},"excerpt":{"rendered":"<p>Ministro Alexandre de Moraes determinou que visitas, exceto de familiares e advogados, devem ser autorizadas<\/p>","protected":false},"author":3,"featured_media":15302,"comment_status":"open","ping_status":"open","sticky":false,"template":"","format":"standard","meta":{"_crdt_document":"","footnotes":""},"categories":[7],"tags":[],"class_list":["post-15301","post","type-post","status-publish","format-standard","has-post-thumbnail","hentry","category-politica"],"brizy_media":[],"_links":{"self":[{"href":"https:\/\/jornalcorporativo.com.br\/en\/wp-json\/wp\/v2\/posts\/15301","targetHints":{"allow":["GET"]}}],"collection":[{"href":"https:\/\/jornalcorporativo.com.br\/en\/wp-json\/wp\/v2\/posts"}],"about":[{"href":"https:\/\/jornalcorporativo.com.br\/en\/wp-json\/wp\/v2\/types\/post"}],"author":[{"embeddable":true,"href":"https:\/\/jornalcorporativo.com.br\/en\/wp-json\/wp\/v2\/users\/3"}],"replies":[{"embeddable":true,"href":"https:\/\/jornalcorporativo.com.br\/en\/wp-json\/wp\/v2\/comments?post=15301"}],"version-history":[{"count":0,"href":"https:\/\/jornalcorporativo.com.br\/en\/wp-json\/wp\/v2\/posts\/15301\/revisions"}],"wp:featuredmedia":[{"embeddable":true,"href":"https:\/\/jornalcorporativo.com.br\/en\/wp-json\/wp\/v2\/media\/15302"}],"wp:attachment":[{"href":"https:\/\/jornalcorporativo.com.br\/en\/wp-json\/wp\/v2\/media?parent=15301"}],"wp:term":[{"taxonomy":"category","embeddable":true,"href":"https:\/\/jornalcorporativo.com.br\/en\/wp-json\/wp\/v2\/categories?post=15301"},{"taxonomy":"post_tag","embeddable":true,"href":"https:\/\/jornalcorporativo.com.br\/en\/wp-json\/wp\/v2\/tags?post=15301"}],"curies":[{"name":"wp","href":"https:\/\/api.w.org\/{rel}","templated":true}]}}