{"id":15305,"date":"2023-07-11T22:00:08","date_gmt":"2023-07-12T01:00:08","guid":{"rendered":"https:\/\/jornalcorporativo.com.br\/?p=15305"},"modified":"2023-07-11T22:00:12","modified_gmt":"2023-07-12T01:00:12","slug":"tarifa-social-e-bilhete-unico-intermunicipal-so-serao-concedidos-a-quem-ganha-ate-r-32-mil","status":"publish","type":"post","link":"https:\/\/jornalcorporativo.com.br\/en\/brasil\/tarifa-social-e-bilhete-unico-intermunicipal-so-serao-concedidos-a-quem-ganha-ate-r-32-mil\/","title":{"rendered":"Tarifa Social e Bilhete \u00danico Intermunicipal s\u00f3 ser\u00e3o concedidos a quem ganha at\u00e9 R$ 3,2 mil"},"content":{"rendered":"<p class=\"wp-block-paragraph\">A Justi\u00e7a do RJ alterou as regras do Bilhete \u00danico Intermunicipal (BUI) e da Tarifa Social e determinou que s\u00f3 poder\u00e1 ter direito aos benef\u00edcios quem tem renda mensal de at\u00e9 R$ 3.205,20 \u2014 antes, o teto era de R$ 7.507,49.<\/p>\n\n\n\n<p class=\"wp-block-paragraph\">O BUI cobra R$ 8,55 por duas viagens em tr\u00eas horas, desde que uma seja entre munic\u00edpios diferentes. A Tarifa Social vale R$ 5 na Supervia e no Metr\u00f4 Rio \u2014 cujas passagens cheias custam R$ 7,40 e R$ 6,90, respectivamente.<\/p>\n\n\n\n<p class=\"wp-block-paragraph\">A redu\u00e7\u00e3o passa a valer j\u00e1 nesta quarta-feira (12), e todos os inscritos no programa ter\u00e3o de se recadastrar \u2014 e comprovar estar na nova faixa exigida.<\/p>\n\n\n\n<p class=\"wp-block-paragraph\">Ainda n\u00e3o h\u00e1 previs\u00e3o de quando come\u00e7ar\u00e1 o recadastramento, mas, at\u00e9 a efetiva\u00e7\u00e3o da nova base de usu\u00e1rios, o benef\u00edcio ser\u00e1 mantido.<\/p>\n\n\n\n<p class=\"wp-block-paragraph\">O que muda?<br>At\u00e9 esta ter\u00e7a (11): quem recebia at\u00e9 R$ 7.507,49 por m\u00eas e habilitou a Tarifa Social paga R$ 5 tanto nos trens quanto no metr\u00f4; j\u00e1 no BUI, a passagem sai a R$ 8,55.<\/p>\n\n\n\n<p class=\"wp-block-paragraph\">A partir de quarta (12): quem n\u00e3o tem BUI\/Tarifa Social e quiser o benef\u00edcio ter\u00e1 de comprovar renda mensal menor que R$ 3.205,20. Nada muda, por ora, para os j\u00e1 cadastrados.<\/p>\n\n\n\n<p class=\"wp-block-paragraph\">Futuramente: quando o governo concluir o recadastramento, cujas datas ainda n\u00e3o foram divulgadas, usu\u00e1rios que ganham mais de R$ 3.205,20 perder\u00e3o a Tarifa Social e o BUI.<\/p>\n\n\n\n<p class=\"wp-block-paragraph\">A briga na Justi\u00e7a<br>O \u00d3rg\u00e3o Especial do Tribunal de Justi\u00e7a do Rio considerou inconstitucional a Lei Estadual 8.297\/19, de iniciativa da Assembleia Legislativa do Estado do Rio de Janeiro (Alerj), que ampliou o BUI para quem ganha at\u00e9 R$ 7.507,49, o teto do benef\u00edcio do INSS.<\/p>\n\n\n\n<p class=\"wp-block-paragraph\">O colegiado entendeu que a lei violava o princ\u00edpio de separa\u00e7\u00e3o e harmonia dos Poderes por ter alterado o benef\u00edcio tarif\u00e1rio sobre um servi\u00e7o p\u00fablico. A Constitui\u00e7\u00e3o Federal prev\u00ea que cabe ao governador a iniciativa de projeto de lei sobre o tema.<\/p>\n\n\n\n<p class=\"wp-block-paragraph\">Na a\u00e7\u00e3o, a Procuradoria-Geral do Estado (PGE) tamb\u00e9m sustentou que a medida alterou a Lei 5.628\/2009, que criou o Bilhete \u00danico Intermunicipal, sem avaliar o impacto financeiro ou indicar a fonte de custeio do subs\u00eddio.<\/p>","protected":false},"excerpt":{"rendered":"<p>Decis\u00e3o far\u00e1 com que todos os benefici\u00e1rios tenham que se recadastrar e comprovar a renda<\/p>","protected":false},"author":3,"featured_media":15306,"comment_status":"open","ping_status":"open","sticky":false,"template":"","format":"standard","meta":{"_crdt_document":"","footnotes":""},"categories":[36],"tags":[],"class_list":["post-15305","post","type-post","status-publish","format-standard","has-post-thumbnail","hentry","category-brasil"],"brizy_media":[],"_links":{"self":[{"href":"https:\/\/jornalcorporativo.com.br\/en\/wp-json\/wp\/v2\/posts\/15305","targetHints":{"allow":["GET"]}}],"collection":[{"href":"https:\/\/jornalcorporativo.com.br\/en\/wp-json\/wp\/v2\/posts"}],"about":[{"href":"https:\/\/jornalcorporativo.com.br\/en\/wp-json\/wp\/v2\/types\/post"}],"author":[{"embeddable":true,"href":"https:\/\/jornalcorporativo.com.br\/en\/wp-json\/wp\/v2\/users\/3"}],"replies":[{"embeddable":true,"href":"https:\/\/jornalcorporativo.com.br\/en\/wp-json\/wp\/v2\/comments?post=15305"}],"version-history":[{"count":0,"href":"https:\/\/jornalcorporativo.com.br\/en\/wp-json\/wp\/v2\/posts\/15305\/revisions"}],"wp:featuredmedia":[{"embeddable":true,"href":"https:\/\/jornalcorporativo.com.br\/en\/wp-json\/wp\/v2\/media\/15306"}],"wp:attachment":[{"href":"https:\/\/jornalcorporativo.com.br\/en\/wp-json\/wp\/v2\/media?parent=15305"}],"wp:term":[{"taxonomy":"category","embeddable":true,"href":"https:\/\/jornalcorporativo.com.br\/en\/wp-json\/wp\/v2\/categories?post=15305"},{"taxonomy":"post_tag","embeddable":true,"href":"https:\/\/jornalcorporativo.com.br\/en\/wp-json\/wp\/v2\/tags?post=15305"}],"curies":[{"name":"wp","href":"https:\/\/api.w.org\/{rel}","templated":true}]}}