{"id":15309,"date":"2023-07-11T22:00:41","date_gmt":"2023-07-12T01:00:41","guid":{"rendered":"https:\/\/jornalcorporativo.com.br\/?p=15309"},"modified":"2023-07-11T22:00:45","modified_gmt":"2023-07-12T01:00:45","slug":"como-deflacao-deve-impactar-seu-bolso-e-a-economia-nos-proximos-meses","status":"publish","type":"post","link":"https:\/\/jornalcorporativo.com.br\/en\/economia\/como-deflacao-deve-impactar-seu-bolso-e-a-economia-nos-proximos-meses\/","title":{"rendered":"Como defla\u00e7\u00e3o deve impactar seu bolso e a economia nos pr\u00f3ximos meses"},"content":{"rendered":"<p class=\"wp-block-paragraph\">Quedas nos pre\u00e7os dos combust\u00edveis, do carro novo, e de alimentos como carne e leite levaram o pa\u00eds a registrar em junho a primeira defla\u00e7\u00e3o de 2023.<\/p>\n\n\n\n<p class=\"wp-block-paragraph\">O IPCA (\u00cdndice Nacional de Pre\u00e7os ao Consumidor Amplo) teve queda de 0,08% no m\u00eas passado, em rela\u00e7\u00e3o a maio, divulgou o IBGE (Instituto Brasileiro de Geografia e Estat\u00edstica) nesta ter\u00e7a-feira (11\/7).<\/p>\n\n\n\n<p class=\"wp-block-paragraph\">Essa foi a menor varia\u00e7\u00e3o para o m\u00eas de junho desde 2017, quando o \u00edndice foi de -0,23%.<\/p>\n\n\n\n<p class=\"wp-block-paragraph\">O resultado ficou praticamente em linha com a expectativa dos economistas, que era de uma queda de 0,09% para o IPCA em junho, segundo a mediana das expectativas colhidas pelo boletim Focus do Banco Central.<br>Com o resultado, a infla\u00e7\u00e3o acumulada em 12 meses caiu de 3,94% em maio para 3,16% em junho, menor patamar desde setembro de 2020.<\/p>\n\n\n\n<p class=\"wp-block-paragraph\">A defla\u00e7\u00e3o em junho fortalece a expectativa de que o Banco Central deve come\u00e7ar a cortar a taxa b\u00e1sica de juros a partir de agosto, avaliam economistas.<\/p>\n\n\n\n<p class=\"wp-block-paragraph\">O cen\u00e1rio de desinfla\u00e7\u00e3o tamb\u00e9m representa um al\u00edvio para as fam\u00edlias, combinado a um momento de renda em alta, fruto de um mercado de trabalho ainda aquecido e benef\u00edcios sociais ampliados.<\/p>\n\n\n\n<p class=\"wp-block-paragraph\">Mas o IPCA em terreno negativo deve ter vida curta, e a expectativa \u00e9 de que a infla\u00e7\u00e3o volte a crescer a partir de agosto, com a taxa em 12 meses encerrando o ano pouco abaixo dos 5%.<br>Por que a infla\u00e7\u00e3o caiu em junho<br>Entre os principais destaques da queda da infla\u00e7\u00e3o em junho est\u00e1 um recuo de 1,85% dos combust\u00edveis, com quedas do \u00f3leo diesel (-6,68%), do etanol (-5,11%), do g\u00e1s veicular (-2,77%) e da gasolina (-1,14%).<\/p>\n\n\n\n<p class=\"wp-block-paragraph\">A varia\u00e7\u00e3o negativa reflete corte de pre\u00e7os anunciado pela Petrobras em junho \u2013 foi o segundo corte feito pela empresa, desde que a estatal comunicou a mudan\u00e7a da sua pol\u00edtica de pre\u00e7os, em meados de maio.<\/p>\n\n\n\n<p class=\"wp-block-paragraph\">Com a mudan\u00e7a, a Petrobras abandonou o chamado PPI (pre\u00e7o de paridade de importa\u00e7\u00e3o), que desde 2016 atrelava o valor dos combust\u00edveis no mercado interno \u00e0 varia\u00e7\u00e3o do petr\u00f3leo no exterior e do c\u00e2mbio, passando a considerar outros fatores na forma\u00e7\u00e3o de pre\u00e7os.<br>Outro fator a puxar a infla\u00e7\u00e3o para baixo no m\u00eas foi o programa do governo federal de descontos para carros populares, lan\u00e7ado em 6 de junho e encerrado na \u00faltima sexta-feira (7\/7).<\/p>\n\n\n\n<p class=\"wp-block-paragraph\">De acordo com o MDIC (Minist\u00e9rio do Desenvolvimento, Ind\u00fastria, Com\u00e9rcio e Servi\u00e7os), foram comercializados no per\u00edodo 125 mil carros com descontos entre R$ 2 mil e R$ 8 mil.<\/p>\n\n\n\n<p class=\"wp-block-paragraph\">Com isso, os pre\u00e7os do autom\u00f3vel novo ca\u00edram 2,76% no IPCA de junho, conforme o IBGE, e os dos usados recuaram 0,93%.<\/p>\n\n\n\n<p class=\"wp-block-paragraph\">Outro destaque no m\u00eas foi a alimenta\u00e7\u00e3o no domic\u00edlio (-1,07%), com quedas nos pre\u00e7os do \u00f3leo de soja (-8,96%), frutas (-3,38%), leite longa vida (-2,68%) e carnes (-2,10%).<\/p>","protected":false},"excerpt":{"rendered":"<p>Combust\u00edveis, carro novo e alimentos puxam queda da infla\u00e7\u00e3o, fortalecendo expectativa de juros<\/p>","protected":false},"author":3,"featured_media":15310,"comment_status":"open","ping_status":"open","sticky":false,"template":"","format":"standard","meta":{"_crdt_document":"","footnotes":""},"categories":[4],"tags":[],"class_list":["post-15309","post","type-post","status-publish","format-standard","has-post-thumbnail","hentry","category-economia"],"brizy_media":[],"_links":{"self":[{"href":"https:\/\/jornalcorporativo.com.br\/en\/wp-json\/wp\/v2\/posts\/15309","targetHints":{"allow":["GET"]}}],"collection":[{"href":"https:\/\/jornalcorporativo.com.br\/en\/wp-json\/wp\/v2\/posts"}],"about":[{"href":"https:\/\/jornalcorporativo.com.br\/en\/wp-json\/wp\/v2\/types\/post"}],"author":[{"embeddable":true,"href":"https:\/\/jornalcorporativo.com.br\/en\/wp-json\/wp\/v2\/users\/3"}],"replies":[{"embeddable":true,"href":"https:\/\/jornalcorporativo.com.br\/en\/wp-json\/wp\/v2\/comments?post=15309"}],"version-history":[{"count":0,"href":"https:\/\/jornalcorporativo.com.br\/en\/wp-json\/wp\/v2\/posts\/15309\/revisions"}],"wp:featuredmedia":[{"embeddable":true,"href":"https:\/\/jornalcorporativo.com.br\/en\/wp-json\/wp\/v2\/media\/15310"}],"wp:attachment":[{"href":"https:\/\/jornalcorporativo.com.br\/en\/wp-json\/wp\/v2\/media?parent=15309"}],"wp:term":[{"taxonomy":"category","embeddable":true,"href":"https:\/\/jornalcorporativo.com.br\/en\/wp-json\/wp\/v2\/categories?post=15309"},{"taxonomy":"post_tag","embeddable":true,"href":"https:\/\/jornalcorporativo.com.br\/en\/wp-json\/wp\/v2\/tags?post=15309"}],"curies":[{"name":"wp","href":"https:\/\/api.w.org\/{rel}","templated":true}]}}