{"id":15420,"date":"2023-07-20T18:13:18","date_gmt":"2023-07-20T21:13:18","guid":{"rendered":"https:\/\/jornalcorporativo.com.br\/?p=15420"},"modified":"2023-07-20T18:13:21","modified_gmt":"2023-07-20T21:13:21","slug":"copa-feminina-novo-var-recordes-de-publico-e-gol-de-pintora-marcam-dia-1","status":"publish","type":"post","link":"https:\/\/jornalcorporativo.com.br\/en\/esportes\/copa-feminina-novo-var-recordes-de-publico-e-gol-de-pintora-marcam-dia-1\/","title":{"rendered":"Copa Feminina: novo VAR, recordes de p\u00fablico e gol de pintora marcam dia #1"},"content":{"rendered":"<p class=\"wp-block-paragraph\">Com dois jogos no in\u00edcio da manh\u00e3, o primeiro dia da Copa do Mundo Feminina chegou ao fim. As anfitri\u00e3s venceram e deram o pontap\u00e9 inicial aos 30 dias de mundial. E j\u00e1 teve muita emo\u00e7\u00e3o, novidades e surpresas. Teve zebra, &#8220;VAR falante&#8221;, primeiro gol (e de uma artista), cerim\u00f4nia de abertura &#8211; com recorde de torcedores no est\u00e1dio. Ser\u00e1 que \u00e9 uma pr\u00e9via do que espera o p\u00fablico durante a competi\u00e7\u00e3o?<\/p>\n\n\n\n<p class=\"wp-block-paragraph\">&#8220;VAR falante&#8221;<br>\u00c9 isso mesmo, com o in\u00edcio da Copa, o VAR tem um novo protocolo. Toda vez que um lance for revisado no monitor pela \u00e1rbitra central, a decis\u00e3o ser\u00e1 narrada por ela e todo o est\u00e1dio vai poder escutar. E logo no jogo de abertura, a nova ferramenta tamb\u00e9m estreou. Aos 41 minutos do segundo tempo, ap\u00f3s um toque de m\u00e3o de Mjelde, da Noruega, n\u00e3o apontado pela \u00e1rbitra Yoshimi Yamashita, o VAR interveio. A ju\u00edza japonesa foi at\u00e9 o monitor, reviu o lance e decidiu pela marca\u00e7\u00e3o do p\u00eanalti, avisando ao est\u00e1dio no microfone.<br>E teve ex-jogador euf\u00f3rico com a novidade. O ingl\u00eas Ian Wright ficou empolgado com a \u00e1rbitra explicando o lance.<\/p>\n\n\n\n<p class=\"wp-block-paragraph\">Zebra? Tem tamb\u00e9m<br>Nesse mesmo jogo, a primeira zebra tamb\u00e9m aconteceu. As neozelandesas venceram por 1 a 0 a Noruega e surpreendeu boa parte do p\u00fablico. Isso porque a Nova Zel\u00e2ndia nunca ganhou um jogo em Copa do Mundo e a Noruega \u00e9 campe\u00e3 mundial e uma das favoritas do grupo A. Alguns ficaram em choque e as jogadoras ficaram muito emocionadas.<\/p>\n\n\n\n<p class=\"wp-block-paragraph\">Primeiro gol (e de artista)<br>O gol que garantiu que a Nova Zel\u00e2ndia quebrasse o tabu de vit\u00f3rias em mundiais saiu dos p\u00e9s de uma artistas: Hanna Wilkinson. A atacante marcou pela terceira vez em Copa em sua quarta edi\u00e7\u00e3o de mundial na carreira. Wilkinson sentiu, pela primeira vez, o gostinho da vit\u00f3ria.<\/p>\n\n\n\n<p class=\"wp-block-paragraph\">Ela j\u00e1 tinha marcado o nome no est\u00e1dio Eden Park quando pintou um mural em homenagem \u00e0 competi\u00e7\u00e3o. Hanna faz parte do comit\u00ea art\u00edstico do Comit\u00ea Ol\u00edmpico Internacional (COI) e leva a arte em paralelo com o futebol.<\/p>\n\n\n\n<p class=\"wp-block-paragraph\">Al\u00e9m de pintora, Wilkinson tamb\u00e9m canta e toca viol\u00e3o. Ela come\u00e7ou a se aprimorar neste hobby durante a quarentena da pandemia do coronav\u00edrus. Multitalentos dentro e fora do campo.<\/p>","protected":false},"excerpt":{"rendered":"<p>Toda vez que um lance for revisado no monitor pela \u00e1rbitra central, a decis\u00e3o ser\u00e1 narrada por ela e todo o est\u00e1dio ir\u00e1 escutar<\/p>","protected":false},"author":3,"featured_media":15421,"comment_status":"open","ping_status":"open","sticky":false,"template":"","format":"standard","meta":{"_crdt_document":"","footnotes":""},"categories":[6],"tags":[],"class_list":["post-15420","post","type-post","status-publish","format-standard","has-post-thumbnail","hentry","category-esportes"],"brizy_media":[],"_links":{"self":[{"href":"https:\/\/jornalcorporativo.com.br\/en\/wp-json\/wp\/v2\/posts\/15420","targetHints":{"allow":["GET"]}}],"collection":[{"href":"https:\/\/jornalcorporativo.com.br\/en\/wp-json\/wp\/v2\/posts"}],"about":[{"href":"https:\/\/jornalcorporativo.com.br\/en\/wp-json\/wp\/v2\/types\/post"}],"author":[{"embeddable":true,"href":"https:\/\/jornalcorporativo.com.br\/en\/wp-json\/wp\/v2\/users\/3"}],"replies":[{"embeddable":true,"href":"https:\/\/jornalcorporativo.com.br\/en\/wp-json\/wp\/v2\/comments?post=15420"}],"version-history":[{"count":0,"href":"https:\/\/jornalcorporativo.com.br\/en\/wp-json\/wp\/v2\/posts\/15420\/revisions"}],"wp:featuredmedia":[{"embeddable":true,"href":"https:\/\/jornalcorporativo.com.br\/en\/wp-json\/wp\/v2\/media\/15421"}],"wp:attachment":[{"href":"https:\/\/jornalcorporativo.com.br\/en\/wp-json\/wp\/v2\/media?parent=15420"}],"wp:term":[{"taxonomy":"category","embeddable":true,"href":"https:\/\/jornalcorporativo.com.br\/en\/wp-json\/wp\/v2\/categories?post=15420"},{"taxonomy":"post_tag","embeddable":true,"href":"https:\/\/jornalcorporativo.com.br\/en\/wp-json\/wp\/v2\/tags?post=15420"}],"curies":[{"name":"wp","href":"https:\/\/api.w.org\/{rel}","templated":true}]}}