{"id":15424,"date":"2023-07-20T18:14:29","date_gmt":"2023-07-20T21:14:29","guid":{"rendered":"https:\/\/jornalcorporativo.com.br\/?p=15424"},"modified":"2023-07-20T18:14:34","modified_gmt":"2023-07-20T21:14:34","slug":"covid-novo-estudo-revela-porque-algumas-pessoas-nao-tem-sintomas","status":"publish","type":"post","link":"https:\/\/jornalcorporativo.com.br\/en\/saude-natural\/covid-novo-estudo-revela-porque-algumas-pessoas-nao-tem-sintomas\/","title":{"rendered":"Covid: novo estudo revela porque algumas pessoas n\u00e3o t\u00eam sintomas"},"content":{"rendered":"<p class=\"wp-block-paragraph\">Um aspecto da pandemia de Covid-19 que tem fascinado tanto cientistas como o p\u00fablico em geral \u00e9 como a infec\u00e7\u00e3o afeta as pessoas de forma diferente. Isto \u00e9, por que algumas pessoas nunca ficaram doentes por causa do novo coronav\u00edrus? Ou nunca tiveram sintomas aparentes?<\/p>\n\n\n\n<p class=\"wp-block-paragraph\">Agora, um estudo publicado na revista cient\u00edfica Nature lan\u00e7a luz sobre esse enigma, revelando que uma variante gen\u00e9tica comum est\u00e1 associada a uma chance muito maior de evitar o aparecimento dos sintomas comuns ap\u00f3s a infec\u00e7\u00e3o pelo SARS-CoV-2, o v\u00edrus que causa a Covid.<\/p>\n\n\n\n<p class=\"wp-block-paragraph\">Essa descoberta \u00e9 resultado de um esfor\u00e7o conjunto entre pesquisadores dos Estados Unidos e da Austr\u00e1lia, liderados por cientistas de destaque, como o brasileiro Danillo Augusto, professor assistente da Universidade da Carolina do Norte em Charlotte.<\/p>\n\n\n\n<p class=\"wp-block-paragraph\">Como funcionou o estudo?<br>Para chegar nessa conclus\u00e3o, os pesquisadores focaram em uma classe de genes chamados ant\u00edgenos leucocit\u00e1rios humanos (HLA), respons\u00e1veis por codificar prote\u00ednas que desempenham um papel vital no sistema imunol\u00f3gico (respons\u00e1vel pela defesa do organismo), identificando c\u00e9lulas saud\u00e1veis e diferenciando-as daquelas infectadas por pat\u00f3genos, como bact\u00e9rias e v\u00edrus.<\/p>\n\n\n\n<p class=\"wp-block-paragraph\">Por serem altamente vari\u00e1veis entre os indiv\u00edduos, os HLAs suscitaram a curiosidade dos pesquisadores sobre a possibilidade de conterem variantes espec\u00edficas que pudessem conferir prote\u00e7\u00e3o ou uma suscetibilidade ao SARS-CoV-2.<\/p>\n\n\n\n<p class=\"wp-block-paragraph\">Para desvendar esse mist\u00e9rio, eles coletaram dados desde o in\u00edcio da pandemia, rastreando 29.947 indiv\u00edduos n\u00e3o vacinados por meio de um aplicativo m\u00f3vel especialmente projetado para monitorar os sintomas da Covid-19. Dentre esses participantes, 1.428 relataram um teste positivo para o v\u00edrus. Fora isso, o DNA de todos os indiv\u00edduos j\u00e1 havia sido sequenciado previamente, permitindo que os pesquisadores analisassem seus genes HLA.<\/p>\n\n\n\n<p class=\"wp-block-paragraph\">Com isso, os cientistas descobriram ent\u00e3o:<br>que indiv\u00edduos que tinham a variante gen\u00e9tica HLA-B*15:01 em seu genoma eram muito mais propensos a permanecerem assintom\u00e1ticos ap\u00f3s a infec\u00e7\u00e3o;<br>que as pessoas portadoras da variante tinham cerca de 2x mais chances de permanecerem assintom\u00e1ticas ap\u00f3s serem infectadas;<br>e que aquelas que carregavam duas c\u00f3pias dessa variante tinham ainda 8x mais chances de n\u00e3o apresentarem nenhum sintoma.<\/p>\n\n\n\n<p class=\"wp-block-paragraph\">Surpreendentemente, essa variante est\u00e1 presente em cerca de 10% da popula\u00e7\u00e3o com ascend\u00eancia europeia.<\/p>\n\n\n\n<p class=\"wp-block-paragraph\">Segundo os cientistas, a hip\u00f3tese \u00e9 que o sistema imunol\u00f3gico desses indiv\u00edduos pode reagir de forma r\u00e1pida e eficaz, eliminando o v\u00edrus antes mesmo que os sintomas se manifestem. \u00c9 como se eles tivessem um ex\u00e9rcito imunol\u00f3gico altamente treinado, capaz de identificar os invasores pelo &#8220;uniforme&#8221; que vestem, mesmo que eles tentem se disfar\u00e7ar.<\/p>\n\n\n\n<p class=\"wp-block-paragraph\">&#8220;T\u00ednhamos a hip\u00f3tese de que o sistema imunol\u00f3gico dessas pessoas poderia reagir com tanta rapidez e for\u00e7a que o v\u00edrus seria eliminado antes de causar qualquer sintoma. \u00c9 como ter um ex\u00e9rcito&#8221;, disse Jill Hollenbach, imunogeneticista da Universidade da Calif\u00f3rnia, coautora do estudo.<\/p>","protected":false},"excerpt":{"rendered":"<p>Variante comum em um gene do sistema imunol\u00f3gico est\u00e1 associada a uma chance muito maior de evitar sintomas ap\u00f3s a infec\u00e7\u00e3o<\/p>","protected":false},"author":3,"featured_media":15425,"comment_status":"open","ping_status":"open","sticky":false,"template":"","format":"standard","meta":{"_crdt_document":"","footnotes":""},"categories":[8],"tags":[],"class_list":["post-15424","post","type-post","status-publish","format-standard","has-post-thumbnail","hentry","category-saude-natural"],"brizy_media":[],"_links":{"self":[{"href":"https:\/\/jornalcorporativo.com.br\/en\/wp-json\/wp\/v2\/posts\/15424","targetHints":{"allow":["GET"]}}],"collection":[{"href":"https:\/\/jornalcorporativo.com.br\/en\/wp-json\/wp\/v2\/posts"}],"about":[{"href":"https:\/\/jornalcorporativo.com.br\/en\/wp-json\/wp\/v2\/types\/post"}],"author":[{"embeddable":true,"href":"https:\/\/jornalcorporativo.com.br\/en\/wp-json\/wp\/v2\/users\/3"}],"replies":[{"embeddable":true,"href":"https:\/\/jornalcorporativo.com.br\/en\/wp-json\/wp\/v2\/comments?post=15424"}],"version-history":[{"count":0,"href":"https:\/\/jornalcorporativo.com.br\/en\/wp-json\/wp\/v2\/posts\/15424\/revisions"}],"wp:featuredmedia":[{"embeddable":true,"href":"https:\/\/jornalcorporativo.com.br\/en\/wp-json\/wp\/v2\/media\/15425"}],"wp:attachment":[{"href":"https:\/\/jornalcorporativo.com.br\/en\/wp-json\/wp\/v2\/media?parent=15424"}],"wp:term":[{"taxonomy":"category","embeddable":true,"href":"https:\/\/jornalcorporativo.com.br\/en\/wp-json\/wp\/v2\/categories?post=15424"},{"taxonomy":"post_tag","embeddable":true,"href":"https:\/\/jornalcorporativo.com.br\/en\/wp-json\/wp\/v2\/tags?post=15424"}],"curies":[{"name":"wp","href":"https:\/\/api.w.org\/{rel}","templated":true}]}}