{"id":15428,"date":"2023-07-20T18:16:42","date_gmt":"2023-07-20T21:16:42","guid":{"rendered":"https:\/\/jornalcorporativo.com.br\/?p=15428"},"modified":"2023-07-20T18:16:46","modified_gmt":"2023-07-20T21:16:46","slug":"preco-do-trigo-dispara-apos-russia-ameacar-navios","status":"publish","type":"post","link":"https:\/\/jornalcorporativo.com.br\/en\/internacional\/preco-do-trigo-dispara-apos-russia-ameacar-navios\/","title":{"rendered":"Pre\u00e7o do trigo dispara ap\u00f3s R\u00fassia amea\u00e7ar navios"},"content":{"rendered":"<p class=\"wp-block-paragraph\">Os pre\u00e7os do trigo dispararam nos mercados internacionais, depois que a R\u00fassia disse que trataria navios com destino a portos ucranianos como potenciais alvos militares. Nas \u00faltimas tr\u00eas noites, for\u00e7as russas bombardearam as instala\u00e7\u00f5es de gr\u00e3os da Ucr\u00e2nia e pr\u00e9dios de civis.<\/p>\n\n\n\n<p class=\"wp-block-paragraph\">Um edif\u00edcio de tr\u00eas andares foi devorado pelas chamas, na madrugada, em mais um ataque russo na cidade ucraniana de Mykolaiv. Entre os quase 20 feridos, h\u00e1 pelo menos cinco crian\u00e7as.<\/p>\n\n\n\n<p class=\"wp-block-paragraph\">Pela terceira noite consecutiva, a viol\u00eancia se abateu tamb\u00e9m sobre Odessa, onde v\u00e1rios edif\u00edcios foram atingidos. O governo ucraniano fala, ainda, em ataques a Sumy, Dnipropetrovsk e Kharkiv onde uma pessoa morreu.<\/p>\n\n\n\n<p class=\"wp-block-paragraph\">Depois de ter rasgado o acordo para a exporta\u00e7\u00e3o de gr\u00e3os da Ucr\u00e2nia esta semana, a R\u00fassia diz, agora, que vai tratar como potencial amea\u00e7a qualquer navio que arrisque cruzar o mar negro.<br>&#8220;S\u00f3 h\u00e1 uma solu\u00e7\u00e3o: aumentar o apoio militar \u00e0 Ucr\u00e2nia. O que est\u00e1 acontecendo l\u00e1 \u00e9 uma situa\u00e7\u00e3o muito grave. At\u00e9 agora, pelo menos, o gr\u00e3o n\u00e3o foi exportado, mas n\u00e3o foi destru\u00eddo\u201d, disse o chefe da diplomacia europeia, Josep Borrel.<\/p>\n\n\n\n<p class=\"wp-block-paragraph\">Mais ao sul, o governador pr\u00f3-russo da regi\u00e3o da Crimeia acusou Kiev da morte de um adolescente num ataque com drone na pen\u00ednsula, anexada ilegalmente em 2014.<\/p>\n\n\n\n<p class=\"wp-block-paragraph\">Al\u00e9m de pr\u00e9dios, bombardeios russos atingiram armaz\u00e9m de gr\u00e3os<br>Uni\u00e3o Europeia, Ucr\u00e2nia e pa\u00edses aliados acusam, ainda, a R\u00fassia de ter destru\u00eddo, nesta quarta-feira(19), de forma deliberada, um armaz\u00e9m localizado no porto.<br>&#8220;Este ataque terrorista prova que o alvo deles n\u00e3o \u00e9 apenas a Ucr\u00e2nia\u201d, afirma o presidente Volodimir Zelensky.<\/p>\n\n\n\n<p class=\"wp-block-paragraph\">A R\u00fassia continua exigindo o fim dos boicotes \u00e0s pr\u00f3prias exporta\u00e7\u00f5es agr\u00edcolas e deixa uma condi\u00e7\u00e3o para reativar o acordo.<br>&#8220;N\u00e3o somos contra, especialmente levando em considera\u00e7\u00e3o a import\u00e2ncia do acordo pro mercado global de alimentos, para muitos pa\u00edses do mundo. (\u2026) mas todos os princ\u00edpios previamente acordados da participa\u00e7\u00e3o da R\u00fassia neste pacto precisam ser cumpridos.&#8221;, anunciou Vladimir Putin.<\/p>","protected":false},"excerpt":{"rendered":"<p>R\u00fassia diz que, agora, que vai tratar como potencial amea\u00e7a qualquer navio que arrisque cruzar o mar negro em dire\u00e7\u00e3o a Ucr\u00e2nia<\/p>","protected":false},"author":3,"featured_media":15429,"comment_status":"open","ping_status":"open","sticky":false,"template":"","format":"standard","meta":{"_crdt_document":"","footnotes":""},"categories":[2],"tags":[],"class_list":["post-15428","post","type-post","status-publish","format-standard","has-post-thumbnail","hentry","category-internacional"],"brizy_media":[],"_links":{"self":[{"href":"https:\/\/jornalcorporativo.com.br\/en\/wp-json\/wp\/v2\/posts\/15428","targetHints":{"allow":["GET"]}}],"collection":[{"href":"https:\/\/jornalcorporativo.com.br\/en\/wp-json\/wp\/v2\/posts"}],"about":[{"href":"https:\/\/jornalcorporativo.com.br\/en\/wp-json\/wp\/v2\/types\/post"}],"author":[{"embeddable":true,"href":"https:\/\/jornalcorporativo.com.br\/en\/wp-json\/wp\/v2\/users\/3"}],"replies":[{"embeddable":true,"href":"https:\/\/jornalcorporativo.com.br\/en\/wp-json\/wp\/v2\/comments?post=15428"}],"version-history":[{"count":0,"href":"https:\/\/jornalcorporativo.com.br\/en\/wp-json\/wp\/v2\/posts\/15428\/revisions"}],"wp:featuredmedia":[{"embeddable":true,"href":"https:\/\/jornalcorporativo.com.br\/en\/wp-json\/wp\/v2\/media\/15429"}],"wp:attachment":[{"href":"https:\/\/jornalcorporativo.com.br\/en\/wp-json\/wp\/v2\/media?parent=15428"}],"wp:term":[{"taxonomy":"category","embeddable":true,"href":"https:\/\/jornalcorporativo.com.br\/en\/wp-json\/wp\/v2\/categories?post=15428"},{"taxonomy":"post_tag","embeddable":true,"href":"https:\/\/jornalcorporativo.com.br\/en\/wp-json\/wp\/v2\/tags?post=15428"}],"curies":[{"name":"wp","href":"https:\/\/api.w.org\/{rel}","templated":true}]}}