{"id":15432,"date":"2023-07-20T18:17:16","date_gmt":"2023-07-20T21:17:16","guid":{"rendered":"https:\/\/jornalcorporativo.com.br\/?p=15432"},"modified":"2023-07-20T18:17:20","modified_gmt":"2023-07-20T21:17:20","slug":"lula-sanciona-projeto-que-incentiva-compras-de-produtos-de-agricultores-familiares","status":"publish","type":"post","link":"https:\/\/jornalcorporativo.com.br\/en\/politica\/lula-sanciona-projeto-que-incentiva-compras-de-produtos-de-agricultores-familiares\/","title":{"rendered":"Lula sanciona projeto que incentiva compras de produtos de agricultores familiares"},"content":{"rendered":"<p class=\"wp-block-paragraph\">O presidente Luiz In\u00e1cio Lula da Silva (PT) sancionou nesta quinta-feira (20) a lei que retoma o Programa de Aquisi\u00e7\u00e3o de Alimentos (PAA), criado no primeiro mandato do petista.<\/p>\n\n\n\n<p class=\"wp-block-paragraph\">A nova lei, aprovada pelo Congresso, estabelece que pelo menos 30% do recurso reservado pelo governo para a compra de alimentos para \u00f3rg\u00e3os da administra\u00e7\u00e3o p\u00fablica federal dever\u00e1 ser gasto com produtos de agricultores familiares.<\/p>\n\n\n\n<p class=\"wp-block-paragraph\">O texto que deputados e senadores aprovaram prev\u00ea que governo federal, estados e munic\u00edpios possam comprar alimentos, sem licita\u00e7\u00e3o, de agricultores familiares, aquicultores, carcinicultores e piscicultores, desde que atendidas condi\u00e7\u00f5es, como:<br>pre\u00e7os sejam compat\u00edveis com os pre\u00e7os vigentes no mercado;<br>os alimentos adquiridos sejam de produ\u00e7\u00e3o pr\u00f3pria dos benefici\u00e1rios e cumpram os requisitos de controle de qualidade previstos na legisla\u00e7\u00e3o;<br>e normas estabelecidas para compra espec\u00edfica de cada modalidade sejam observadas, na forma estabelecida pelo grupo gestor do programa.<\/p>\n\n\n\n<p class=\"wp-block-paragraph\">Acesso ao programa<br>A proposta estabelece crit\u00e9rios de acesso ao programa para grupo priorit\u00e1rios, como:<br>fam\u00edlias inclu\u00eddas no Cadastro \u00danico (Cad\u00danico) para programas sociais do governo federal;<br>povos ind\u00edgenas;<br>povos e comunidades tradicionais;<br>assentados da reforma agr\u00e1ria;<br>pescadores e pescadoras;<br>negros;<br>mulheres;<br>juventude rural;<br>idosos;<br>pessoas com defici\u00eancia;<br>e fam\u00edlias de pessoas com defici\u00eancia como dependentes.<\/p>\n\n\n\n<p class=\"wp-block-paragraph\">Cozinha Solid\u00e1ria<br>A lei sanciona tamb\u00e9m cria o Programa Cozinha Solid\u00e1ria, que visa fornecer alimenta\u00e7\u00e3o gratuita e de qualidade \u00e0 popula\u00e7\u00e3o em situa\u00e7\u00e3o de vulnerabilidade e risco social. O Minist\u00e9rio do Desenvolvimento Social deve organizar e estruturar o programa.<\/p>\n\n\n\n<p class=\"wp-block-paragraph\">O programa deve garantir espa\u00e7os &#8220;sanitariamente adequados&#8221; para a alimenta\u00e7\u00e3o, oferecida com regularidade e qualidade. O programa tamb\u00e9m deve apoiar cozinhas comunit\u00e1rias e coletivas.<\/p>","protected":false},"excerpt":{"rendered":"<p>Nova lei retoma o PPA. Governo ter\u00e1 de destinar 30% de recursos de compra de alimentos para agricultura familiar<\/p>","protected":false},"author":3,"featured_media":15433,"comment_status":"open","ping_status":"open","sticky":false,"template":"","format":"standard","meta":{"_crdt_document":"","footnotes":""},"categories":[7],"tags":[],"class_list":["post-15432","post","type-post","status-publish","format-standard","has-post-thumbnail","hentry","category-politica"],"brizy_media":[],"_links":{"self":[{"href":"https:\/\/jornalcorporativo.com.br\/en\/wp-json\/wp\/v2\/posts\/15432","targetHints":{"allow":["GET"]}}],"collection":[{"href":"https:\/\/jornalcorporativo.com.br\/en\/wp-json\/wp\/v2\/posts"}],"about":[{"href":"https:\/\/jornalcorporativo.com.br\/en\/wp-json\/wp\/v2\/types\/post"}],"author":[{"embeddable":true,"href":"https:\/\/jornalcorporativo.com.br\/en\/wp-json\/wp\/v2\/users\/3"}],"replies":[{"embeddable":true,"href":"https:\/\/jornalcorporativo.com.br\/en\/wp-json\/wp\/v2\/comments?post=15432"}],"version-history":[{"count":0,"href":"https:\/\/jornalcorporativo.com.br\/en\/wp-json\/wp\/v2\/posts\/15432\/revisions"}],"wp:featuredmedia":[{"embeddable":true,"href":"https:\/\/jornalcorporativo.com.br\/en\/wp-json\/wp\/v2\/media\/15433"}],"wp:attachment":[{"href":"https:\/\/jornalcorporativo.com.br\/en\/wp-json\/wp\/v2\/media?parent=15432"}],"wp:term":[{"taxonomy":"category","embeddable":true,"href":"https:\/\/jornalcorporativo.com.br\/en\/wp-json\/wp\/v2\/categories?post=15432"},{"taxonomy":"post_tag","embeddable":true,"href":"https:\/\/jornalcorporativo.com.br\/en\/wp-json\/wp\/v2\/tags?post=15432"}],"curies":[{"name":"wp","href":"https:\/\/api.w.org\/{rel}","templated":true}]}}