{"id":15440,"date":"2023-07-20T18:18:16","date_gmt":"2023-07-20T21:18:16","guid":{"rendered":"https:\/\/jornalcorporativo.com.br\/?p=15440"},"modified":"2023-07-20T18:18:20","modified_gmt":"2023-07-20T21:18:20","slug":"haddad-diz-que-nao-vai-fazer-ajuste-fiscal-com-a-reforma-do-imposto-de-renda","status":"publish","type":"post","link":"https:\/\/jornalcorporativo.com.br\/en\/economia\/haddad-diz-que-nao-vai-fazer-ajuste-fiscal-com-a-reforma-do-imposto-de-renda\/","title":{"rendered":"Haddad diz que n\u00e3o vai fazer ajuste fiscal com a reforma do Imposto de Renda"},"content":{"rendered":"<p class=\"wp-block-paragraph\">O ministro da Fazenda, Fernando Haddad, disse nesta quinta-feira (20) que o governo n\u00e3o planeja fazer ajustes fiscais por meio da reforma do Imposto de Renda (IR).<\/p>\n\n\n\n<p class=\"wp-block-paragraph\">\u201cAs reformas do consumo e da renda n\u00e3o visam o ajuste fiscal. Elas t\u00eam que ser neutras entre si, inclusive. Se a gente conseguir melhorar a arrecada\u00e7\u00e3o do ponto de vista da tributa\u00e7\u00e3o da renda, isso tem que ajudar a diminuir a al\u00edquota sobre o consumo\u201d, disse.<\/p>\n\n\n\n<p class=\"wp-block-paragraph\">O ministro afirmou que considera a reforma do IR &#8220;mais complexa&#8221; que a do consumo. Segundo ele, o Imposto sobre Valor Agregado (IVA) foi discutido na sociedade durante per\u00edodo mais extenso.<\/p>\n\n\n\n<p class=\"wp-block-paragraph\">\u201cN\u00e3o estou me adiantando em rela\u00e7\u00e3o \u00e0 reforma do IR porque ela \u00e9 muito complexa. Ela \u00e9 mais complexa do que a do consumo? Como ela foi menos discutida, ela se torna mais complexa. A reforma do consumo se tornou mais palat\u00e1vel porque foram anos de discuss\u00e3o\u201d, disse.<\/p>\n\n\n\n<p class=\"wp-block-paragraph\">Maturidade do Congresso<br>Haddad falou ainda que o Congresso Nacional \u201ctem dado demonstra\u00e7\u00e3o de maturidade que temos que aplaudir\u201d \u2014 em men\u00e7\u00e3o \u00e0 aprova\u00e7\u00e3o, na C\u00e2mara, das reformas na cobran\u00e7a de impostos por entes p\u00fablicos.<\/p>\n\n\n\n<p class=\"wp-block-paragraph\">\u201cAquilo que parecia impens\u00e1vel 6 meses atr\u00e1s hoje se tornou n\u00e3o apenas uma realidade. O Congresso dizia: \u2018O governo tem que entregar o Marco Fiscal at\u00e9 agosto\u2019. Imaginavam que antes de agosto seria imposs\u00edvel entregar o Marco Fiscal. N\u00f3s mandamos em abril, e ele vai ser aprovado em agosto\u201d, lembrou.<\/p>\n\n\n\n<p class=\"wp-block-paragraph\">\u201cEu sou um otimista. N\u00e3o \u00e9 poss\u00edvel fazer pol\u00edtica sem ser otimista, n\u00e3o \u00e9? Eu acreditei desde o come\u00e7o do governo que n\u00f3s poder\u00edamos criar um ambiente de maior conc\u00f3rdia junto aos outros poderes, Judici\u00e1rio e Legislativo. Poder\u00edamos constituir uma base s\u00f3lida de sustenta\u00e7\u00e3o deste projeto e poder\u00edamos, sim, aprovar os projetos que v\u00e3o garantir esse resultado\u201d, prosseguiu.<\/p>\n\n\n\n<p class=\"wp-block-paragraph\">Haddad disse que ag\u00eancias de classifica\u00e7\u00e3o de risco, \u201cque fazem aqueles ratings famosos\u201d, lhe perguntaram se o Marco Fiscal brasileiro \u201cpodia ser um pouquinho melhor\u201d do que o Congresso aprovou. Ele n\u00e3o especificou qual ag\u00eancia fez essa pergunta.<\/p>\n\n\n\n<p class=\"wp-block-paragraph\">\u201cEu falei: \u2018Tudo pode ser um pouquinho melhor \u2014 inclusive, a sua ag\u00eancia tamb\u00e9m pode ser um pouquinho melhor\u2019\u201d, narrou.<br>\u201cA pergunta que eu fa\u00e7o \u00e9: tem algum Marco Fiscal melhor do que o brasileiro nesse momento? Porque n\u00f3s estamos falando de gente, n\u00f3s estamos falando de uma s\u00e9rie de pessoas que t\u00eam opini\u00f5es diferentes. Qual \u00e9 o pa\u00eds que tem o Marco Fiscal melhor do que o do Brasil hoje?\u201d, colocou.<\/p>\n\n\n\n<p class=\"wp-block-paragraph\">\u201cEu penso que o Congresso Nacional tem dado uma demonstra\u00e7\u00e3o de maturidade que a gente tem que aplaudir. N\u00f3s estamos efetivamente conseguindo construir um ambiente que \u00e9 o que temos de maior valor neste momento no Brasil\u201d, elogiou.<\/p>","protected":false},"excerpt":{"rendered":"<p>O ministro da Fazenda afirmou considerar a reforma do IR &#8216;mais complexa&#8217; que a do consumo<\/p>","protected":false},"author":3,"featured_media":15441,"comment_status":"open","ping_status":"open","sticky":false,"template":"","format":"standard","meta":{"_crdt_document":"","footnotes":""},"categories":[4],"tags":[],"class_list":["post-15440","post","type-post","status-publish","format-standard","has-post-thumbnail","hentry","category-economia"],"brizy_media":[],"_links":{"self":[{"href":"https:\/\/jornalcorporativo.com.br\/en\/wp-json\/wp\/v2\/posts\/15440","targetHints":{"allow":["GET"]}}],"collection":[{"href":"https:\/\/jornalcorporativo.com.br\/en\/wp-json\/wp\/v2\/posts"}],"about":[{"href":"https:\/\/jornalcorporativo.com.br\/en\/wp-json\/wp\/v2\/types\/post"}],"author":[{"embeddable":true,"href":"https:\/\/jornalcorporativo.com.br\/en\/wp-json\/wp\/v2\/users\/3"}],"replies":[{"embeddable":true,"href":"https:\/\/jornalcorporativo.com.br\/en\/wp-json\/wp\/v2\/comments?post=15440"}],"version-history":[{"count":0,"href":"https:\/\/jornalcorporativo.com.br\/en\/wp-json\/wp\/v2\/posts\/15440\/revisions"}],"wp:featuredmedia":[{"embeddable":true,"href":"https:\/\/jornalcorporativo.com.br\/en\/wp-json\/wp\/v2\/media\/15441"}],"wp:attachment":[{"href":"https:\/\/jornalcorporativo.com.br\/en\/wp-json\/wp\/v2\/media?parent=15440"}],"wp:term":[{"taxonomy":"category","embeddable":true,"href":"https:\/\/jornalcorporativo.com.br\/en\/wp-json\/wp\/v2\/categories?post=15440"},{"taxonomy":"post_tag","embeddable":true,"href":"https:\/\/jornalcorporativo.com.br\/en\/wp-json\/wp\/v2\/tags?post=15440"}],"curies":[{"name":"wp","href":"https:\/\/api.w.org\/{rel}","templated":true}]}}