{"id":15543,"date":"2023-07-27T19:51:42","date_gmt":"2023-07-27T22:51:42","guid":{"rendered":"https:\/\/jornalcorporativo.com.br\/?p=15543"},"modified":"2023-07-27T19:51:46","modified_gmt":"2023-07-27T22:51:46","slug":"brasil-cria-157-mil-empregos-formais-em-junho-queda-de-45-em-relacao-a-2022","status":"publish","type":"post","link":"https:\/\/jornalcorporativo.com.br\/en\/economia\/brasil-cria-157-mil-empregos-formais-em-junho-queda-de-45-em-relacao-a-2022\/","title":{"rendered":"Brasil cria 157 mil empregos formais em junho, queda de 45% em rela\u00e7\u00e3o a 2022"},"content":{"rendered":"<p class=\"wp-block-paragraph\">A economia brasileira gerou 157,19 mil empregos com carteira assinada em junho deste ano, informou nesta quinta-feira (27) o Minist\u00e9rio do Trabalho e Emprego.<\/p>\n\n\n\n<p class=\"wp-block-paragraph\">A informa\u00e7\u00e3o consta do Cadastro Geral de Empregados e Desempregados (Caged) e representa o saldo l\u00edquido (contrata\u00e7\u00f5es menos demiss\u00f5es) da gera\u00e7\u00e3o de empregos formais.<\/p>\n\n\n\n<p class=\"wp-block-paragraph\">Ao todo, segundo o governo federal, foram registradas em junho:<br>1,914 milh\u00e3o de contrata\u00e7\u00f5es;<br>1,756 milh\u00e3o de demiss\u00f5es.<\/p>\n\n\n\n<p class=\"wp-block-paragraph\">O resultado representa queda em rela\u00e7\u00e3o a junho do ano passado, quando foram criados 285 mil empregos formais. O recuo foi de 45% nesta compara\u00e7\u00e3o.<br>Em junho de 2020, em meio \u00e0 pandemia da Covid, foram fechados 53,59 mil postos de trabalho e, no mesmo m\u00eas de 2021, foram abertas 317,87 mil vagas formais.<\/p>\n\n\n\n<p class=\"wp-block-paragraph\">A compara\u00e7\u00e3o dos n\u00fameros com anos anteriores a 2020, segundo analistas, n\u00e3o \u00e9 mais adequada porque o governo anterior mudou a metodologia.<\/p>\n\n\n\n<p class=\"wp-block-paragraph\">O ministro do Trabalho, Luiz Marinho, voltou a criticar a atua\u00e7\u00e3o do Banco Central na defini\u00e7\u00e3o da taxa b\u00e1sica de juros da economia, atualmente em 13,75% ao ano. Segundo ele, se n\u00e3o fosse a \u201cinadequa\u00e7\u00e3o esquizofr\u00eanica\u201d dos juros no Brasil, a economia brasileira poderia ter gerado mais empregos em maio, junho e, tamb\u00e9m, no primeiro semestre deste ano.<br>\u201cA ind\u00fastria est\u00e1 preparada para crescer, a economia est\u00e1 preparada para voar. H\u00e1 um impedimento, que \u00e9 o custo do dinheiro para capital de giro. O que motivaria algu\u00e9m que est\u00e1 hoje investindo em t\u00edtulos p\u00fablicos para migrar para investimentos se l\u00e1 na ponta est\u00e1 sendo dificultado o crescimento do crescimento para valer do consumo\u201d, questionou o ministro Marinho.<\/p>\n\n\n\n<p class=\"wp-block-paragraph\">Parcial do ano<br>De acordo com o Minist\u00e9rio do Trabalho, 1,02 milh\u00e3o de vagas formais de emprego foram criadas no pa\u00eds nos seis primeiros meses deste ano.<\/p>\n\n\n\n<p class=\"wp-block-paragraph\">O n\u00famero representa recuo de 26,3% na compara\u00e7\u00e3o com o mesmo per\u00edodo de 2022, quando foram criadas 1,38 milh\u00e3o de empregos com carteira assinada.<br>Ao final de junho de 2023, ainda conforme os dados oficiais, o Brasil tinha saldo de 43,46 milh\u00f5es de empregos com carteira assinada.<\/p>\n\n\n\n<p class=\"wp-block-paragraph\">O resultado representa aumento na compara\u00e7\u00e3o com maio deste ano (43,31 milh\u00f5es) e com junho de 2022 (41,81 milh\u00f5es).<\/p>\n\n\n\n<p class=\"wp-block-paragraph\">Sal\u00e1rio m\u00e9dio de admiss\u00e3o<br>O governo tamb\u00e9m informou que o sal\u00e1rio m\u00e9dio de admiss\u00e3o foi de R$ 2.015,04 em junho deste ano, o que representa uma alta real (descontada a infla\u00e7\u00e3o) em rela\u00e7\u00e3o a abril desse ano (R$ 2.002,57).<\/p>\n\n\n\n<p class=\"wp-block-paragraph\">Na compara\u00e7\u00e3o com junho de 2022, tamb\u00e9m houve aumento no sal\u00e1rio m\u00e9dio de admiss\u00e3o. Naquele m\u00eas, o valor foi de R$ 1.980,44.<\/p>","protected":false},"excerpt":{"rendered":"<p>No primeiro semestre deste ano, foram criadas 1,02 milh\u00e3o de vagas formais<\/p>","protected":false},"author":3,"featured_media":15544,"comment_status":"open","ping_status":"open","sticky":false,"template":"","format":"standard","meta":{"_crdt_document":"","footnotes":""},"categories":[4],"tags":[],"class_list":["post-15543","post","type-post","status-publish","format-standard","has-post-thumbnail","hentry","category-economia"],"brizy_media":[],"_links":{"self":[{"href":"https:\/\/jornalcorporativo.com.br\/en\/wp-json\/wp\/v2\/posts\/15543","targetHints":{"allow":["GET"]}}],"collection":[{"href":"https:\/\/jornalcorporativo.com.br\/en\/wp-json\/wp\/v2\/posts"}],"about":[{"href":"https:\/\/jornalcorporativo.com.br\/en\/wp-json\/wp\/v2\/types\/post"}],"author":[{"embeddable":true,"href":"https:\/\/jornalcorporativo.com.br\/en\/wp-json\/wp\/v2\/users\/3"}],"replies":[{"embeddable":true,"href":"https:\/\/jornalcorporativo.com.br\/en\/wp-json\/wp\/v2\/comments?post=15543"}],"version-history":[{"count":0,"href":"https:\/\/jornalcorporativo.com.br\/en\/wp-json\/wp\/v2\/posts\/15543\/revisions"}],"wp:featuredmedia":[{"embeddable":true,"href":"https:\/\/jornalcorporativo.com.br\/en\/wp-json\/wp\/v2\/media\/15544"}],"wp:attachment":[{"href":"https:\/\/jornalcorporativo.com.br\/en\/wp-json\/wp\/v2\/media?parent=15543"}],"wp:term":[{"taxonomy":"category","embeddable":true,"href":"https:\/\/jornalcorporativo.com.br\/en\/wp-json\/wp\/v2\/categories?post=15543"},{"taxonomy":"post_tag","embeddable":true,"href":"https:\/\/jornalcorporativo.com.br\/en\/wp-json\/wp\/v2\/tags?post=15543"}],"curies":[{"name":"wp","href":"https:\/\/api.w.org\/{rel}","templated":true}]}}