{"id":15751,"date":"2023-08-10T18:14:37","date_gmt":"2023-08-10T21:14:37","guid":{"rendered":"https:\/\/jornalcorporativo.com.br\/?p=15751"},"modified":"2024-01-04T12:43:31","modified_gmt":"2024-01-04T15:43:31","slug":"falta-de-reforcos-abel-exalta-ze-rafael-e-minimiza-janela-do-palmeiras","status":"publish","type":"post","link":"https:\/\/jornalcorporativo.com.br\/en\/esportes\/falta-de-reforcos-abel-exalta-ze-rafael-e-minimiza-janela-do-palmeiras\/","title":{"rendered":"Falta de refor\u00e7os? Abel exalta Z\u00e9 Rafael e minimiza janela do Palmeiras"},"content":{"rendered":"<p class=\"wp-block-paragraph\">O Palmeiras se classificou para as quartas de final da Conmebol Libertadores na \u00faltima quarta-feira, ao empatar sem gols com o Atl\u00e9tico-MG, no Allianz Parque, depois de vit\u00f3ria por 1 a 0 no jogo de ida das oitavas. O t\u00e9cnico Abel Ferreira foi questionado sobre a atua\u00e7\u00e3o do clube na janela de transfer\u00eancias.<\/p>\n\n\n\n<p class=\"wp-block-paragraph\">Dando respaldo \u00e0 diretoria, que mostra atua\u00e7\u00e3o mais conservadora na busca por refor\u00e7os, o treinador tentou explicar a estrat\u00e9gia do clube: manter a base campe\u00e3, buscar reposi\u00e7\u00f5es com responsabilidade e dar moral \u00e0s crias da Academia.<\/p>\n\n\n\n<p class=\"wp-block-paragraph\">\u2013 Est\u00e1 muito clara a filosofia do clube, voc\u00eas que n\u00e3o entendem. Foram nove jogadores embora, entraram dois, e todos os outros buscamos na base, Acreditamos neles, temos que ter paci\u00eancia e ajud\u00e1-los. Ningu\u00e9m nos garante que investindo pouco ou muito, vai dar certo \u2013 disse Abel, dando moral aos seus jogadores.<\/p>\n\n\n\n<p class=\"wp-block-paragraph\">A principal cr\u00edtica \u00e0 diretoria do Palmeiras, por\u00e9m, se deve ao fato de Danilo, que deixou o clube no come\u00e7o de 2022 rumo ao futebol ingl\u00eas, n\u00e3o ter tido uma reposi\u00e7\u00e3o a altura.<\/p>\n\n\n\n<p class=\"wp-block-paragraph\">Em janeiro, na primeira janela de transfer\u00eancias, o clube tentou nomes como Allan, hoje no Flamengo, mas entendeu que era poss\u00edvel esperar. Em julho, na mais recente, n\u00e3o conseguiu contratar ningu\u00e9m.<\/p>\n\n\n\n<p class=\"wp-block-paragraph\">O clube tentou tamb\u00e9m a contrata\u00e7\u00e3o de An\u00edbal Moreno, volante do Racing. A equipe argentina queria receber 10 milh\u00f5es de d\u00f3lares (R$ 47,3 milh\u00f5es), sendo US$ 9 milh\u00f5es (R$ 42,5 milh\u00f5es) fixos, al\u00e9m de mais US$ 1 (R$ 4,7 milh\u00f5es) em b\u00f4nus. O Palmeiras entendeu que chegou ao seu limite e saiu do neg\u00f3cio.<\/p>\n\n\n\n<p class=\"wp-block-paragraph\">\u2013 O clube tomou uma decis\u00e3o, e sempre mostrou essa responsabilidade \u2013 completou Abel.<\/p>\n\n\n\n<p class=\"wp-block-paragraph\">Alinhado a isso, o treinador do Verd\u00e3o conseguiu, durante a temporada, achar uma solu\u00e7\u00e3o dentro de seu pr\u00f3prio elenco. Foi assim com Z\u00e9 Rafael, que foi recuado para a posi\u00e7\u00e3o de primeiro volante e deu conta do recado.<\/p>\n\n\n\n<p class=\"wp-block-paragraph\">Jogador com mais desarmes na Libertadores, o meio-campista foi um dos principais destaques na classifica\u00e7\u00e3o.<\/p>","protected":false},"excerpt":{"rendered":"<p>Volante palmeirense foi um dos destaques na classifica\u00e7\u00e3o; Verd\u00e3o n\u00e3o contratou ningu\u00e9m no \u00faltimo per\u00edodo de transfer\u00eancias<\/p>","protected":false},"author":3,"featured_media":0,"comment_status":"open","ping_status":"open","sticky":false,"template":"","format":"standard","meta":{"_crdt_document":"","footnotes":""},"categories":[6],"tags":[],"class_list":["post-15751","post","type-post","status-publish","format-standard","hentry","category-esportes"],"brizy_media":[],"_links":{"self":[{"href":"https:\/\/jornalcorporativo.com.br\/en\/wp-json\/wp\/v2\/posts\/15751","targetHints":{"allow":["GET"]}}],"collection":[{"href":"https:\/\/jornalcorporativo.com.br\/en\/wp-json\/wp\/v2\/posts"}],"about":[{"href":"https:\/\/jornalcorporativo.com.br\/en\/wp-json\/wp\/v2\/types\/post"}],"author":[{"embeddable":true,"href":"https:\/\/jornalcorporativo.com.br\/en\/wp-json\/wp\/v2\/users\/3"}],"replies":[{"embeddable":true,"href":"https:\/\/jornalcorporativo.com.br\/en\/wp-json\/wp\/v2\/comments?post=15751"}],"version-history":[{"count":0,"href":"https:\/\/jornalcorporativo.com.br\/en\/wp-json\/wp\/v2\/posts\/15751\/revisions"}],"wp:attachment":[{"href":"https:\/\/jornalcorporativo.com.br\/en\/wp-json\/wp\/v2\/media?parent=15751"}],"wp:term":[{"taxonomy":"category","embeddable":true,"href":"https:\/\/jornalcorporativo.com.br\/en\/wp-json\/wp\/v2\/categories?post=15751"},{"taxonomy":"post_tag","embeddable":true,"href":"https:\/\/jornalcorporativo.com.br\/en\/wp-json\/wp\/v2\/tags?post=15751"}],"curies":[{"name":"wp","href":"https:\/\/api.w.org\/{rel}","templated":true}]}}