{"id":15915,"date":"2023-08-18T17:29:00","date_gmt":"2023-08-18T20:29:00","guid":{"rendered":"https:\/\/jornalcorporativo.com.br\/?p=15915"},"modified":"2023-08-18T17:29:04","modified_gmt":"2023-08-18T20:29:04","slug":"presidente-da-fifa-comemora-receita-de-570-milhoes-de-dolares-da-copa-feminina","status":"publish","type":"post","link":"https:\/\/jornalcorporativo.com.br\/en\/esportes\/presidente-da-fifa-comemora-receita-de-570-milhoes-de-dolares-da-copa-feminina\/","title":{"rendered":"Presidente da Fifa comemora receita de 570 milh\u00f5es de d\u00f3lares da Copa Feminina"},"content":{"rendered":"<p class=\"wp-block-paragraph\">A dois dias da final da Copa do Mundo Feminina, o presidente da Fifa, Gianni Infantino, fez um balan\u00e7o da competi\u00e7\u00e3o na abertura da Conven\u00e7\u00e3o da Fifa, em Sydney. O dirigente destacou os resultados positivos dentro de campo e tamb\u00e9m fora, com recordes de receita, de p\u00fablico nos est\u00e1dios e de audi\u00eancia global dos jogos.<\/p>\n\n\n\n<p class=\"wp-block-paragraph\">Infantino comemorou que a Copa Feminina de 2023 gerou uma receita de 570 milh\u00f5es de d\u00f3lares (R$ 2,8 bilh\u00f5es), resultado que garantiu o sucesso financeiro do evento.<\/p>\n\n\n\n<ul class=\"wp-block-list\">\n<li>Algumas vozes se levantaram (antes da Copa): &#8220;Isso vai custar muito, n\u00e3o temos tantas receitas, vamos ter que subsidiar&#8221;. Se tivermos que subsidiar (a Copa), vamos fazer isso. Mas, na verdade, essa Copa do Mundo gerou mais de 570 milh\u00f5es de d\u00f3lares em receitas. N\u00f3s n\u00e3o tivemos preju\u00edzo, e geramos a segunda maior renda da hist\u00f3ria de qualquer esporte, atr\u00e1s apenas da Copa do Mundo Masculina. N\u00e3o h\u00e1 muitas competi\u00e7\u00f5es, mesmo no futebol masculino, que gere mais de meio bilh\u00e3o de d\u00f3lares &#8211; afirmou o presidente da Fifa.<\/li>\n<\/ul>\n\n\n\n<p class=\"wp-block-paragraph\">No \u00e2mbito esportivo, Infantino tamb\u00e9m aproveitou o discurso para rebater cr\u00edticas feitas \u00e0 Fifa por ter aumentado a quantidade de participantes para 32 sele\u00e7\u00f5es. Para ele, a competitividade apresentada no Mundial confirmou que a medida foi acertada.<\/p>\n\n\n\n<ul class=\"wp-block-list\">\n<li>Sele\u00e7\u00f5es de todas as seis confedera\u00e7\u00f5es venceram pelo menos uma partida nesta Copa. Isso nunca aconteceu. Times de cinco diferentes confedera\u00e7\u00f5es avan\u00e7aram ao mata-mata. Tr\u00eas sele\u00e7\u00f5es africanas, por exemplo. Eu queria dizer isso antes, mas iriam dizer que eu estava louco. Ent\u00e3o eu digo agora. Agora \u00e9 mais f\u00e1cil. Jamaica eliminou o Brasil, a \u00c1frica do Sul eliminou It\u00e1lia e Argentina. Marrocos e Coreia do Sul eliminaram a Alemanha. Quem pensaria que isso seria poss\u00edvel antes da Copa do Mundo? Bem, aconteceu.<\/li>\n<\/ul>\n\n\n\n<p class=\"wp-block-paragraph\">Infantino enfatizou tamb\u00e9m n\u00fameros importantes dessa Copa, como a presen\u00e7a de quase dois milh\u00f5es de torcedores nos est\u00e1dios, a audi\u00eancia global de dois bilh\u00f5es de pessoas e 650 mil presentes nas Fan Fests da Austr\u00e1lia e da Nova Zel\u00e2ndia, n\u00fameros in\u00e9ditos para um Mundial Feminino.<\/p>","protected":false},"excerpt":{"rendered":"<p>Nas redes sociais, Infantino \u00e9 criticado por dizer que as mulheres devem &#8220;convencer os homens&#8221; sobre o que eles t\u00eam que fazer<\/p>","protected":false},"author":3,"featured_media":15921,"comment_status":"open","ping_status":"open","sticky":false,"template":"","format":"standard","meta":{"_crdt_document":"","footnotes":""},"categories":[6],"tags":[],"class_list":["post-15915","post","type-post","status-publish","format-standard","has-post-thumbnail","hentry","category-esportes"],"brizy_media":[],"_links":{"self":[{"href":"https:\/\/jornalcorporativo.com.br\/en\/wp-json\/wp\/v2\/posts\/15915","targetHints":{"allow":["GET"]}}],"collection":[{"href":"https:\/\/jornalcorporativo.com.br\/en\/wp-json\/wp\/v2\/posts"}],"about":[{"href":"https:\/\/jornalcorporativo.com.br\/en\/wp-json\/wp\/v2\/types\/post"}],"author":[{"embeddable":true,"href":"https:\/\/jornalcorporativo.com.br\/en\/wp-json\/wp\/v2\/users\/3"}],"replies":[{"embeddable":true,"href":"https:\/\/jornalcorporativo.com.br\/en\/wp-json\/wp\/v2\/comments?post=15915"}],"version-history":[{"count":0,"href":"https:\/\/jornalcorporativo.com.br\/en\/wp-json\/wp\/v2\/posts\/15915\/revisions"}],"wp:featuredmedia":[{"embeddable":true,"href":"https:\/\/jornalcorporativo.com.br\/en\/wp-json\/wp\/v2\/media\/15921"}],"wp:attachment":[{"href":"https:\/\/jornalcorporativo.com.br\/en\/wp-json\/wp\/v2\/media?parent=15915"}],"wp:term":[{"taxonomy":"category","embeddable":true,"href":"https:\/\/jornalcorporativo.com.br\/en\/wp-json\/wp\/v2\/categories?post=15915"},{"taxonomy":"post_tag","embeddable":true,"href":"https:\/\/jornalcorporativo.com.br\/en\/wp-json\/wp\/v2\/tags?post=15915"}],"curies":[{"name":"wp","href":"https:\/\/api.w.org\/{rel}","templated":true}]}}