{"id":15924,"date":"2023-08-18T17:29:29","date_gmt":"2023-08-18T20:29:29","guid":{"rendered":"https:\/\/jornalcorporativo.com.br\/?p=15924"},"modified":"2023-08-18T17:29:34","modified_gmt":"2023-08-18T20:29:34","slug":"nasceu-segurando-o-diu-quais-as-chances-de-engravidar-usando-o-metodo","status":"publish","type":"post","link":"https:\/\/jornalcorporativo.com.br\/en\/saude-natural\/nasceu-segurando-o-diu-quais-as-chances-de-engravidar-usando-o-metodo\/","title":{"rendered":"&#8216;Nasceu segurando o DIU&#8217;: quais as chances de engravidar usando o m\u00e9todo?"},"content":{"rendered":"<p class=\"wp-block-paragraph\">Facilmente encontradas na internet, fotos de rec\u00e9m-nascidos com min\u00fasculos dedos entrela\u00e7ados em DIUs podem dar a impress\u00e3o de que o m\u00e9todo contraceptivo falha com frequ\u00eancia.<\/p>\n\n\n\n<p class=\"wp-block-paragraph\">A ideia de que um rec\u00e9m-nascido poderia vencer o m\u00e9todo contraceptivo e chegar ao mundo segurando-o como um trof\u00e9u, \u00e9 pouco fact\u00edvel.<\/p>\n\n\n\n<p class=\"wp-block-paragraph\">A realidade, apontam os especialistas, \u00e9 que os dispositivos intrauterinos, sejam eles de cobre ou hormonais, est\u00e3o classificados entre os m\u00e9todos mais confi\u00e1veis para evitar gesta\u00e7\u00f5es n\u00e3o planejadas.<\/p>\n\n\n\n<p class=\"wp-block-paragraph\">Ambos os tipos s\u00e3o indicados por estudos como m\u00e9todos com taxas de prote\u00e7\u00e3o superiores a 99%, algo que se compara aos procedimentos cir\u00fargicos, como a laqueadura para mulheres ou a vasectomia para homens.<\/p>\n\n\n\n<p class=\"wp-block-paragraph\">As fotos ou not\u00edcias de mulheres que engravidaram com o DIU, de acordo com as m\u00e9dicas entrevistadas pela BBC News Brasil, costumam chamar a aten\u00e7\u00e3o justamente pela raridade desses eventos.<br>&#8220;Enquanto a probabilidade de gravidez associada a este m\u00e9todo n\u00e3o chega a uma em cada 100 mulheres por ano, a p\u00edlula, por exemplo, apresenta uma probabilidade de nove em cada 100 mulheres. Gesta\u00e7\u00f5es, mesmo com o uso de p\u00edlula, n\u00e3o costumam surpreender, mas um beb\u00ea que nasceu de uma mulher que usava DIU, por ser muito raro, costuma despertar interesse&#8221;, avalia Helga Marquesini, ginecologista do Hospital S\u00edrio Liban\u00eas.<\/p>\n\n\n\n<p class=\"wp-block-paragraph\">Nos estudos cl\u00ednicos, ambos os m\u00e9todos contraceptivos (e outros, como inje\u00e7\u00f5es e adesivos) demonstram uma boa efic\u00e1cia. Mas, na pr\u00e1tica, as taxas de falha dos m\u00e9todos de a\u00e7\u00e3o r\u00e1pida podem variar bastante, uma vez que \u00e9 necess\u00e1rio lembrar-se de utiliz\u00e1-los da forma correta.<\/p>\n\n\n\n<p class=\"wp-block-paragraph\">Com o uso &#8220;ideal&#8221; da p\u00edlula combinada de progestag\u00eanio, por exemplo, o risco de engravidar \u00e9 de 0,3%. No entanto, o n\u00famero sobe para 8% no uso chamado de &#8220;t\u00edpico&#8221;, no qual as mulheres eventualmente esquecem de tomar o rem\u00e9dio ou acabam tomando-o em diferentes hor\u00e1rios.<\/p>\n\n\n\n<p class=\"wp-block-paragraph\">Como resultado, os contraceptivos de a\u00e7\u00e3o prolongada, como o DIU, demonstram ser at\u00e9 20 vezes mais eficazes na preven\u00e7\u00e3o da gravidez, de acordo com dados da Febrasgo (Federa\u00e7\u00e3o Brasileira das Associa\u00e7\u00f5es de Ginecologia e Obstetr\u00edcia).<\/p>\n\n\n\n<p class=\"wp-block-paragraph\">Nos casos raros em que o DIU realmente falha, costuma ser porque est\u00e1 mal posicionado, explica a m\u00e9dica.<\/p>\n\n\n\n<p class=\"wp-block-paragraph\">&#8220;Se o DIU se mover e ficar posicionado muito baixo dentro do \u00fatero, isso poderia aumentar a possibilidade de falha do m\u00e9todo contraceptivo. \u00c9 por isso que recomendamos que a paciente passe por consulta para checar a posi\u00e7\u00e3o do dispositivo, o que pode ser feito com ultrassom, pelo menos uma vez ao ano&#8221;, explica a ginecologista Ilza Monteiro, vice-presidente da Comiss\u00e3o Nacional de Anticoncepcionais da Febrasgo.<\/p>\n\n\n\n<p class=\"wp-block-paragraph\">Por que um beb\u00ea &#8216;nascer segurando o DIU&#8217; \u00e9 extremamente improv\u00e1vel<br>Durante o desenvolvimento fetal, o beb\u00ea \u00e9 envolto pela bolsa amni\u00f3tica, uma estrutura que o isola do restante do \u00fatero e proporciona prote\u00e7\u00e3o. Paralelamente, o DIU permanece na cavidade uterina, sem ter contato direto com o beb\u00ea em forma\u00e7\u00e3o.<\/p>","protected":false},"excerpt":{"rendered":"<p>Especialistas apontam que fotos ou not\u00edcias de mulheres que engravidaram com o DIU costumam chamar a aten\u00e7\u00e3o<\/p>","protected":false},"author":3,"featured_media":15920,"comment_status":"open","ping_status":"open","sticky":false,"template":"","format":"standard","meta":{"_crdt_document":"","footnotes":""},"categories":[8],"tags":[],"class_list":["post-15924","post","type-post","status-publish","format-standard","has-post-thumbnail","hentry","category-saude-natural"],"brizy_media":[],"_links":{"self":[{"href":"https:\/\/jornalcorporativo.com.br\/en\/wp-json\/wp\/v2\/posts\/15924","targetHints":{"allow":["GET"]}}],"collection":[{"href":"https:\/\/jornalcorporativo.com.br\/en\/wp-json\/wp\/v2\/posts"}],"about":[{"href":"https:\/\/jornalcorporativo.com.br\/en\/wp-json\/wp\/v2\/types\/post"}],"author":[{"embeddable":true,"href":"https:\/\/jornalcorporativo.com.br\/en\/wp-json\/wp\/v2\/users\/3"}],"replies":[{"embeddable":true,"href":"https:\/\/jornalcorporativo.com.br\/en\/wp-json\/wp\/v2\/comments?post=15924"}],"version-history":[{"count":0,"href":"https:\/\/jornalcorporativo.com.br\/en\/wp-json\/wp\/v2\/posts\/15924\/revisions"}],"wp:featuredmedia":[{"embeddable":true,"href":"https:\/\/jornalcorporativo.com.br\/en\/wp-json\/wp\/v2\/media\/15920"}],"wp:attachment":[{"href":"https:\/\/jornalcorporativo.com.br\/en\/wp-json\/wp\/v2\/media?parent=15924"}],"wp:term":[{"taxonomy":"category","embeddable":true,"href":"https:\/\/jornalcorporativo.com.br\/en\/wp-json\/wp\/v2\/categories?post=15924"},{"taxonomy":"post_tag","embeddable":true,"href":"https:\/\/jornalcorporativo.com.br\/en\/wp-json\/wp\/v2\/tags?post=15924"}],"curies":[{"name":"wp","href":"https:\/\/api.w.org\/{rel}","templated":true}]}}