{"id":15932,"date":"2023-08-18T17:30:51","date_gmt":"2023-08-18T20:30:51","guid":{"rendered":"https:\/\/jornalcorporativo.com.br\/?p=15932"},"modified":"2023-08-18T17:30:54","modified_gmt":"2023-08-18T20:30:54","slug":"covid-variante-eg-5-conhecida-como-eris-e-confirmada-pela-1a-vez-no-brasil","status":"publish","type":"post","link":"https:\/\/jornalcorporativo.com.br\/en\/brasil\/covid-variante-eg-5-conhecida-como-eris-e-confirmada-pela-1a-vez-no-brasil\/","title":{"rendered":"Covid: variante EG.5 conhecida como \u00c9ris, \u00e9 confirmada pela 1\u00aa vez no Brasil"},"content":{"rendered":"\n<p class=\"wp-block-paragraph\">A Secretaria de Estado da Sa\u00fade (SES) de S\u00e3o Paulo e o Minist\u00e9rio da Sa\u00fade anunciaram a confirma\u00e7\u00e3o do primeiro caso da variante EG.5 (popularmente conhecida como \u00c9ris) da Covid-19 no Brasil.<\/p>\n\n\n\n<p class=\"wp-block-paragraph\">A paciente infectada \u00e9 uma mulher de 71 anos, moradora da cidade de S\u00e3o Paulo. Seus sintomas tiveram in\u00edcio em 30 de julho, e ela recebeu tratamento em uma unidade hospitalar privada, sendo liberada no dia seguinte. Ela tamb\u00e9m estava com o esquema vacinal completo.<\/p>\n\n\n\n<p class=\"wp-block-paragraph\">Segundo informa\u00e7\u00f5es divulgadas pela Organiza\u00e7\u00e3o Mundial da Sa\u00fade (OMS), a EG.5 \u00e9 uma subvariante da \u00d4micron, que foi identificada pela primeira vez em fevereiro de 2023. Desde ent\u00e3o, tem-se observado um aumento constante no n\u00famero de casos relacionados a essa variante.<br>Ainda de acordo com a OMS, at\u00e9 o momento, a subvariante EG.5 n\u00e3o demonstrou maior gravidade ou riscos significativos em compara\u00e7\u00e3o com outras variantes.<\/p>\n\n\n\n<p class=\"wp-block-paragraph\">Apesar de poder escapar do sistema imunol\u00f3gico mais facilmente, como mostraram alguns testes, isso n\u00e3o implica em doen\u00e7as mais severas, e o aumento de hospitaliza\u00e7\u00f5es no Reino Unido n\u00e3o resultou em casos graves em UTIs.<br>&#8220;A confirma\u00e7\u00e3o da nova cepa EG.5 foi recebida pelo Centro de Vigil\u00e2ncia Epidemiol\u00f3gica (CVE) na quinta-feira (17) atrav\u00e9s de um laborat\u00f3rio de hospital privado da capital&#8221;, afirmou a secretaria em nota.<\/p>\n\n\n\n<p class=\"wp-block-paragraph\">Segundo a Ag\u00eancia de Seguran\u00e7a da Sa\u00fade do Reino Unido (UKHSA, na sigla em ingl\u00eas), a variante 5G.5.1 (relativamente pr\u00f3xima \u00e0 \u00c9ris) agora representa cerca de um em cada sete casos de covid detectados por testes hospitalares.<\/p>\n\n\n\n<p class=\"wp-block-paragraph\">De acordo com o Minist\u00e9rio da Sa\u00fade, as recomenda\u00e7\u00f5es sanit\u00e1rias em rela\u00e7\u00e3o \u00e0s medidas de preven\u00e7\u00e3o \u00e0 Covid, por\u00e9m, seguem as mesmas.<\/p>\n\n\n\n<p class=\"wp-block-paragraph\">A investiga\u00e7\u00e3o epidemiol\u00f3gica da infec\u00e7\u00e3o est\u00e1 agora sob responsabilidade da vigil\u00e2ncia municipal, acrescentou a secretaria estadual.<br>&#8220;Aquelas pessoas que t\u00eam o sistema imunol\u00f3gico com menor possibilidade de uma resposta maior [\u00e0 doen\u00e7a], como imunocomprometidos, pessoas que est\u00e3o tratando c\u00e2ncer, que fazem hemodi\u00e1lise, aquelas pessoas que estamos recomendando desde o in\u00edcio da pandemia, elas devem usar m\u00e1scara quando forem a locais com aglomera\u00e7\u00f5es, fechados, mal ventilados.&#8221; \u2014 Ethel Maciel, secret\u00e1ria da Secretaria de Vigil\u00e2ncia em Sa\u00fade e Ambiente (SVSA).<\/p>\n","protected":false},"excerpt":{"rendered":"<p>OMS diz que at\u00e9 o momento a subvariante n\u00e3o demonstrou maior gravidade ou riscos significativos em compara\u00e7\u00e3o com as outras<\/p>","protected":false},"author":3,"featured_media":15917,"comment_status":"open","ping_status":"open","sticky":false,"template":"","format":"standard","meta":{"_crdt_document":"","footnotes":""},"categories":[36],"tags":[],"class_list":["post-15932","post","type-post","status-publish","format-standard","has-post-thumbnail","hentry","category-brasil"],"brizy_media":[],"_links":{"self":[{"href":"https:\/\/jornalcorporativo.com.br\/en\/wp-json\/wp\/v2\/posts\/15932","targetHints":{"allow":["GET"]}}],"collection":[{"href":"https:\/\/jornalcorporativo.com.br\/en\/wp-json\/wp\/v2\/posts"}],"about":[{"href":"https:\/\/jornalcorporativo.com.br\/en\/wp-json\/wp\/v2\/types\/post"}],"author":[{"embeddable":true,"href":"https:\/\/jornalcorporativo.com.br\/en\/wp-json\/wp\/v2\/users\/3"}],"replies":[{"embeddable":true,"href":"https:\/\/jornalcorporativo.com.br\/en\/wp-json\/wp\/v2\/comments?post=15932"}],"version-history":[{"count":0,"href":"https:\/\/jornalcorporativo.com.br\/en\/wp-json\/wp\/v2\/posts\/15932\/revisions"}],"wp:featuredmedia":[{"embeddable":true,"href":"https:\/\/jornalcorporativo.com.br\/en\/wp-json\/wp\/v2\/media\/15917"}],"wp:attachment":[{"href":"https:\/\/jornalcorporativo.com.br\/en\/wp-json\/wp\/v2\/media?parent=15932"}],"wp:term":[{"taxonomy":"category","embeddable":true,"href":"https:\/\/jornalcorporativo.com.br\/en\/wp-json\/wp\/v2\/categories?post=15932"},{"taxonomy":"post_tag","embeddable":true,"href":"https:\/\/jornalcorporativo.com.br\/en\/wp-json\/wp\/v2\/tags?post=15932"}],"curies":[{"name":"wp","href":"https:\/\/api.w.org\/{rel}","templated":true}]}}