{"id":15936,"date":"2023-08-18T17:31:21","date_gmt":"2023-08-18T20:31:21","guid":{"rendered":"https:\/\/jornalcorporativo.com.br\/?p=15936"},"modified":"2023-08-18T17:31:25","modified_gmt":"2023-08-18T20:31:25","slug":"familias-desperdicam-mais-de-um-salario-minimo-por-ano-jogando-comida-no-lixo","status":"publish","type":"post","link":"https:\/\/jornalcorporativo.com.br\/en\/economia\/familias-desperdicam-mais-de-um-salario-minimo-por-ano-jogando-comida-no-lixo\/","title":{"rendered":"Fam\u00edlias desperdi\u00e7am mais de um sal\u00e1rio m\u00ednimo por ano jogando comida no lixo"},"content":{"rendered":"<p class=\"wp-block-paragraph\">Uma fam\u00edlia brasileira de tr\u00eas pessoas desperdi\u00e7a, em m\u00e9dia, R$ 1.630 por ano jogando comida no lixo \u2014 mais de R$ 300 acima do sal\u00e1rio m\u00ednimo, atualmente em R$ 1.320.<\/p>\n\n\n\n<p class=\"wp-block-paragraph\">\u00c9 o que mostra um levantamento da empresa de alimentos Hellmann&#8217;s, feito com base em dados da Empresa Brasileira de Pesquisa Agropecu\u00e1ria (Embrapa).<\/p>\n\n\n\n<p class=\"wp-block-paragraph\">Em outra frente, a pesquisa tamb\u00e9m identificou que 8 em cada 10 brasileiros declararam ter jogado alimentos no lixo em julho deste ano.<\/p>\n\n\n\n<p class=\"wp-block-paragraph\">Os h\u00e1bitos e a desaten\u00e7\u00e3o dos consumidores est\u00e3o entre os principais motivos para a perda de produtos. Quase metade dos entrevistados afirmaram, por exemplo, ter deixado ingredientes e sobras ainda em bom estado envelhecerem e estragarem na geladeira.<\/p>\n\n\n\n<p class=\"wp-block-paragraph\">&#8220;Os dados deixam claro que ningu\u00e9m quer jogar comida no lixo, mas refor\u00e7am alguns gatilhos que levam ao desperd\u00edcio&#8221;, diz o estudo. Entre eles, est\u00e1 o h\u00e1bito de descartar alimentos nutritivos que apresentam imperfei\u00e7\u00f5es. &#8220;Outro \u00e9 a correria do cotidiano: 21% dizem que gostariam de ser mais ativos contra o desperd\u00edcio, mas n\u00e3o conseguem conciliar muitos esfor\u00e7os com a correria do dia a dia.&#8221;<\/p>\n\n\n\n<p class=\"wp-block-paragraph\">Veja os principais pontos da pesquisa:<br>Uma fam\u00edlia brasileira desperdi\u00e7a, em m\u00e9dia, R$ 1.630 jogando alimentos no lixo;<br>82% dos entrevistados declararam ter jogado alimentos fora em julho deste ano;<br>Desperd\u00edcio se agrava quanto mais jovem e maior a renda;<br>Esquecer ingredientes na geladeira e jogar fora sobras de panelas e pratos ap\u00f3s refei\u00e7\u00f5es s\u00e3o os principais motivos de desperd\u00edcio;<br>Arroz, legumes e saladas s\u00e3o os principais alimentos perdidos;<br>Segunda-feira \u00e9 o dia da semana mais propenso a perda de alimentos.<\/p>\n\n\n\n<p class=\"wp-block-paragraph\">Classe social e faixa et\u00e1ria<br>A pesquisa refor\u00e7a que as classes mais ricas (A e B) s\u00e3o as que mais desperdi\u00e7am: 89% dos entrevistados afirmaram ter jogado comida fora no \u00faltimo m\u00eas.<\/p>\n\n\n\n<p class=\"wp-block-paragraph\">Na sequ\u00eancia, 80% dos brasileiros da classe C declararam a perda de alimentos no m\u00eas passado. Por \u00faltimo, nas classes mais baixas (D e E), 78% disseram ter desperdi\u00e7ado no per\u00edodo.<\/p>\n\n\n\n<p class=\"wp-block-paragraph\">O estudo tamb\u00e9m considerou a faixa et\u00e1ria dos entrevistados (acima de 18 anos). A conclus\u00e3o foi que, quanto mais novos, maior o \u00edndice de desperd\u00edcio:<br>de 18 a 25 anos &#8211; 85%;<br>de 30 a 49 anos &#8211; 82%;<br>acima de 50 anos &#8211; 77%.<\/p>\n\n\n\n<p class=\"wp-block-paragraph\">A pesquisa tamb\u00e9m revelou que as pessoas est\u00e3o mais propensas a desperdi\u00e7ar \u00e0s segundas-feiras. Isso porque, segundo os brasileiros ouvidos, esse \u00e9 o dia da semana em que h\u00e1 mais sobras de alimentos em casa. Em seguida, os dias de maior descarte s\u00e3o o domingo e a sexta-feira.<\/p>","protected":false},"excerpt":{"rendered":"<p>Uma fam\u00edlia brasileira de tr\u00eas pessoas desperdi\u00e7a, em m\u00e9dia, R$ 1.630 por ano jogando comida fora<\/p>","protected":false},"author":3,"featured_media":15916,"comment_status":"open","ping_status":"open","sticky":false,"template":"","format":"standard","meta":{"_crdt_document":"","footnotes":""},"categories":[4],"tags":[],"class_list":["post-15936","post","type-post","status-publish","format-standard","has-post-thumbnail","hentry","category-economia"],"brizy_media":[],"_links":{"self":[{"href":"https:\/\/jornalcorporativo.com.br\/en\/wp-json\/wp\/v2\/posts\/15936","targetHints":{"allow":["GET"]}}],"collection":[{"href":"https:\/\/jornalcorporativo.com.br\/en\/wp-json\/wp\/v2\/posts"}],"about":[{"href":"https:\/\/jornalcorporativo.com.br\/en\/wp-json\/wp\/v2\/types\/post"}],"author":[{"embeddable":true,"href":"https:\/\/jornalcorporativo.com.br\/en\/wp-json\/wp\/v2\/users\/3"}],"replies":[{"embeddable":true,"href":"https:\/\/jornalcorporativo.com.br\/en\/wp-json\/wp\/v2\/comments?post=15936"}],"version-history":[{"count":0,"href":"https:\/\/jornalcorporativo.com.br\/en\/wp-json\/wp\/v2\/posts\/15936\/revisions"}],"wp:featuredmedia":[{"embeddable":true,"href":"https:\/\/jornalcorporativo.com.br\/en\/wp-json\/wp\/v2\/media\/15916"}],"wp:attachment":[{"href":"https:\/\/jornalcorporativo.com.br\/en\/wp-json\/wp\/v2\/media?parent=15936"}],"wp:term":[{"taxonomy":"category","embeddable":true,"href":"https:\/\/jornalcorporativo.com.br\/en\/wp-json\/wp\/v2\/categories?post=15936"},{"taxonomy":"post_tag","embeddable":true,"href":"https:\/\/jornalcorporativo.com.br\/en\/wp-json\/wp\/v2\/tags?post=15936"}],"curies":[{"name":"wp","href":"https:\/\/api.w.org\/{rel}","templated":true}]}}