{"id":16201,"date":"2023-09-05T19:13:43","date_gmt":"2023-09-05T22:13:43","guid":{"rendered":"https:\/\/jornalcorporativo.com.br\/?p=16201"},"modified":"2023-09-05T19:13:47","modified_gmt":"2023-09-05T22:13:47","slug":"cancer-em-cactos-o-que-a-doenca-em-outras-especies-pode-nos-ensinar","status":"publish","type":"post","link":"https:\/\/jornalcorporativo.com.br\/en\/saude-natural\/cancer-em-cactos-o-que-a-doenca-em-outras-especies-pode-nos-ensinar\/","title":{"rendered":"C\u00e2ncer em cactos: o que a doen\u00e7a em outras esp\u00e9cies pode nos ensinar"},"content":{"rendered":"<p class=\"wp-block-paragraph\">O c\u00e2ncer n\u00e3o \u00e9 uma exclusividade dos seres humanos: outros animais, plantas, algas e at\u00e9 fungos tamb\u00e9m s\u00e3o acometidos pelo crescimento anormal e acelerado de c\u00e9lulas.<\/p>\n\n\n\n<p class=\"wp-block-paragraph\">Essa \u00e9 a premissa que guia o trabalho do bi\u00f3logo Carlo Maley, diretor do Centro de Evolu\u00e7\u00e3o do C\u00e2ncer da Universidade Estadual do Arizona, nos Estados Unidos.<\/p>\n\n\n\n<p class=\"wp-block-paragraph\">O especialista coordena um esfor\u00e7o internacional para entender como o processo que leva \u00e0 forma\u00e7\u00e3o das c\u00e9lulas tumorais acontece em diferentes esp\u00e9cies \u2014 para, quem sabe, encontrar maneiras de prevenir ou tratar melhor a doen\u00e7a em seres humanos.<\/p>\n\n\n\n<p class=\"wp-block-paragraph\">Entre v\u00e1rios projetos de pesquisa, Maley tamb\u00e9m esteve envolvido na cria\u00e7\u00e3o do jardim Endless Forms Most Beautiful (\u201cFormas Infinitas de Beleza\u201d, em tradu\u00e7\u00e3o livre) \u2014 frase retirada do livro A Origem das Esp\u00e9cies, de Charles Darwin.<\/p>\n\n\n\n<p class=\"wp-block-paragraph\">O espa\u00e7o foi instalado em 2018 na \u00e1rea externa da institui\u00e7\u00e3o e traz diversos cactos com uma esp\u00e9cie de c\u00e2ncer.<\/p>\n\n\n\n<p class=\"wp-block-paragraph\">Nesses organismos, a replica\u00e7\u00e3o descontrolada de c\u00e9lulas gera novas estruturas disformes \u2014 conhecidas como fascia\u00e7\u00f5es ou cristatas \u2014, mas geralmente n\u00e3o levam \u00e0 morte.<\/p>\n\n\n\n<p class=\"wp-block-paragraph\">Essas diferentes formas de lidar com o c\u00e2ncer na natureza inspiraram o bi\u00f3logo a desenvolver, ao lado de outros colegas da \u00e1rea, a chamada terapia adaptativa. O objetivo aqui \u00e9 usar medicamentos em doses baixas e por um tempo curto, para apenas controlar o crescimento do c\u00e2ncer, e n\u00e3o tentar extirp\u00e1-lo do corpo, como proposto por todos os tratamentos dispon\u00edveis at\u00e9 agora.<\/p>\n\n\n\n<p class=\"wp-block-paragraph\">Do ponto de vista pr\u00e1tico, quais s\u00e3o as semelhan\u00e7as e as diferen\u00e7as entre o c\u00e2ncer que d\u00e1 em plantas e aquele que se desenvolve no corpo de seres humanos?<\/p>\n\n\n\n<p class=\"wp-block-paragraph\">Carlo Maley: Uma das similaridades, claro, \u00e9 que as c\u00e9lulas cancerosas crescem fora de controle. Para a planta, isso \u00e9 ruim, pois interfere na flora\u00e7\u00e3o e na reprodu\u00e7\u00e3o. Do ponto de vista evolutivo, \u00e9 algo bem negativo, quase equivalente \u00e0 morte em alguns casos. Em outros, isso deixa o vegetal grande e pesado.<\/p>\n\n\n\n<p class=\"wp-block-paragraph\">Para os cactos, o c\u00e2ncer pode significar um crescimento de diferentes formas. E eles geralmente n\u00e3o morrem por causa disso.<\/p>\n\n\n\n<p class=\"wp-block-paragraph\">A partir dessas observa\u00e7\u00f5es, fizemos uma analogia inspiradora: h\u00e1 muitas esp\u00e9cies no planeta que podem ter c\u00e2ncer, mas n\u00e3o morrem por causa dele. E isso se tornou a base de nossa pesquisa: como gerenciar o tumor, de modo que passemos a conviver com ele, e n\u00e3o mais morrer por causa disso?<\/p>\n\n\n\n<p class=\"wp-block-paragraph\">Na frente de nosso pr\u00e9dio na Universidade Estadual do Arizona, criamos um jardim de cactos afetados pelo c\u00e2ncer. A ideia \u00e9 ilustrar que todas as formas de vida multicelular podem desenvolver tumores \u2014 e algumas n\u00e3o morrem. Ou seja, existem maneiras de manejar essa condi\u00e7\u00e3o.<\/p>","protected":false},"excerpt":{"rendered":"<p>Um jardim criado numa universidade do Arizona, nos EUA, chama a aten\u00e7\u00e3o para outras esp\u00e9cies acometidas pelos tumores<\/p>","protected":false},"author":3,"featured_media":16198,"comment_status":"open","ping_status":"open","sticky":false,"template":"","format":"standard","meta":{"_crdt_document":"","footnotes":""},"categories":[8],"tags":[],"class_list":["post-16201","post","type-post","status-publish","format-standard","has-post-thumbnail","hentry","category-saude-natural"],"brizy_media":[],"_links":{"self":[{"href":"https:\/\/jornalcorporativo.com.br\/en\/wp-json\/wp\/v2\/posts\/16201","targetHints":{"allow":["GET"]}}],"collection":[{"href":"https:\/\/jornalcorporativo.com.br\/en\/wp-json\/wp\/v2\/posts"}],"about":[{"href":"https:\/\/jornalcorporativo.com.br\/en\/wp-json\/wp\/v2\/types\/post"}],"author":[{"embeddable":true,"href":"https:\/\/jornalcorporativo.com.br\/en\/wp-json\/wp\/v2\/users\/3"}],"replies":[{"embeddable":true,"href":"https:\/\/jornalcorporativo.com.br\/en\/wp-json\/wp\/v2\/comments?post=16201"}],"version-history":[{"count":0,"href":"https:\/\/jornalcorporativo.com.br\/en\/wp-json\/wp\/v2\/posts\/16201\/revisions"}],"wp:featuredmedia":[{"embeddable":true,"href":"https:\/\/jornalcorporativo.com.br\/en\/wp-json\/wp\/v2\/media\/16198"}],"wp:attachment":[{"href":"https:\/\/jornalcorporativo.com.br\/en\/wp-json\/wp\/v2\/media?parent=16201"}],"wp:term":[{"taxonomy":"category","embeddable":true,"href":"https:\/\/jornalcorporativo.com.br\/en\/wp-json\/wp\/v2\/categories?post=16201"},{"taxonomy":"post_tag","embeddable":true,"href":"https:\/\/jornalcorporativo.com.br\/en\/wp-json\/wp\/v2\/tags?post=16201"}],"curies":[{"name":"wp","href":"https:\/\/api.w.org\/{rel}","templated":true}]}}