{"id":16205,"date":"2023-09-05T19:14:10","date_gmt":"2023-09-05T22:14:10","guid":{"rendered":"https:\/\/jornalcorporativo.com.br\/?p=16205"},"modified":"2023-09-05T19:14:31","modified_gmt":"2023-09-05T22:14:31","slug":"kim-jong-un-e-putin-devem-se-encontrar-na-russia","status":"publish","type":"post","link":"https:\/\/jornalcorporativo.com.br\/en\/internacional\/kim-jong-un-e-putin-devem-se-encontrar-na-russia\/","title":{"rendered":"Kim Jong-un e Putin devem se encontrar na R\u00fassia"},"content":{"rendered":"<p class=\"wp-block-paragraph\">Reportagens veiculadas na imprensa americana sugerem que o l\u00edder da Coreia do Norte, Kim Jong-Un, planeja viajar \u00e0 R\u00fassia neste m\u00eas para se reunir com Vladimir Putin, presidente russo.<\/p>\n\n\n\n<p class=\"wp-block-paragraph\">O \u00faltimo encontro entre os dois aconteceu em 2019.<\/p>\n\n\n\n<p class=\"wp-block-paragraph\">Do que Kim Jong-Un e Vladimir Putin devem tratar em poss\u00edvel encontro neste momento?<\/p>\n\n\n\n<p class=\"wp-block-paragraph\">Segundo um funcion\u00e1rio do alto escal\u00e3o dos Estados Unidos ouvido pela CBS, parceira americana da BBC, eles v\u00e3o discutir a possibilidade de a Coreia do Norte fornecer armas \u00e0 R\u00fassia para apoi\u00e1-la em sua guerra na Ucr\u00e2nia.<\/p>\n\n\n\n<p class=\"wp-block-paragraph\">N\u00e3o est\u00e1 claro onde as negocia\u00e7\u00f5es seriam realizadas.<\/p>\n\n\n\n<p class=\"wp-block-paragraph\">Moscou e Pyongyang n\u00e3o comentaram sobre o poss\u00edvel encontro.<\/p>\n\n\n\n<p class=\"wp-block-paragraph\">O jornal americano &#8220;The New York Times&#8221; publicou a avalia\u00e7\u00e3o de fontes de que o mais prov\u00e1vel \u00e9 que Kim viaje em um trem blindado.<\/p>\n\n\n\n<p class=\"wp-block-paragraph\">O encontro acontece depois de a Casa Branca informar que obteve novas informa\u00e7\u00f5es de que as negocia\u00e7\u00f5es sobre armas entre os dois pa\u00edses estavam &#8220;avan\u00e7ando ativamente&#8221;.<\/p>\n\n\n\n<p class=\"wp-block-paragraph\">O porta-voz do Conselho de Seguran\u00e7a Nacional dos EUA, John Kirby, disse que o ministro da Defesa da R\u00fassia, Sergei Shoigu, tentou &#8220;convencer Pyongyang a vender muni\u00e7\u00e3o de artilharia&#8221; \u00e0 R\u00fassia durante uma recente visita \u00e0 Coreia do Norte.<\/p>\n\n\n\n<p class=\"wp-block-paragraph\">As armas expostas na reuni\u00e3o inclu\u00edam o Hwasong, um m\u00edssil bal\u00edstico intercontinental (ICBM, na sigla em ingl\u00eas), considerado o primeiro do pa\u00eds a usar propulsores s\u00f3lidos. Foi a primeira vez que Kim abriu as portas do pa\u00eds a visitantes estrangeiros desde a pandemia de Covid-19.<\/p>\n\n\n\n<p class=\"wp-block-paragraph\">Desde ent\u00e3o, Putin e Kim trocaram cartas &#8220;comprometendo-se a aumentar a sua coopera\u00e7\u00e3o bilateral&#8221;, disse Kirby.<br>&#8220;Pedimos \u00e0 RPDC (Coreia do Norte) que cesse as negocia\u00e7\u00f5es sobre armas com a R\u00fassia e cumpra os compromissos p\u00fablicos que Pyongyang assumiu de n\u00e3o fornecer ou vender armas \u00e0 R\u00fassia&#8221;, acrescentou.<\/p>\n\n\n\n<p class=\"wp-block-paragraph\">Kirby alertou que os EUA tomariam medidas, incluindo a imposi\u00e7\u00e3o de san\u00e7\u00f5es, se a Coreia do Norte fornecesse armas \u00e0 R\u00fassia.<\/p>","protected":false},"excerpt":{"rendered":"<p>Kim Jong-un e Putin devem discutir possibilidade de a Coreia do Norte fornecer armas \u00e0 R\u00fassia para apoiar guerra na Ucr\u00e2nia<\/p>","protected":false},"author":3,"featured_media":16206,"comment_status":"open","ping_status":"open","sticky":false,"template":"","format":"standard","meta":{"_crdt_document":"","footnotes":""},"categories":[2],"tags":[],"class_list":["post-16205","post","type-post","status-publish","format-standard","has-post-thumbnail","hentry","category-internacional"],"brizy_media":[],"_links":{"self":[{"href":"https:\/\/jornalcorporativo.com.br\/en\/wp-json\/wp\/v2\/posts\/16205","targetHints":{"allow":["GET"]}}],"collection":[{"href":"https:\/\/jornalcorporativo.com.br\/en\/wp-json\/wp\/v2\/posts"}],"about":[{"href":"https:\/\/jornalcorporativo.com.br\/en\/wp-json\/wp\/v2\/types\/post"}],"author":[{"embeddable":true,"href":"https:\/\/jornalcorporativo.com.br\/en\/wp-json\/wp\/v2\/users\/3"}],"replies":[{"embeddable":true,"href":"https:\/\/jornalcorporativo.com.br\/en\/wp-json\/wp\/v2\/comments?post=16205"}],"version-history":[{"count":0,"href":"https:\/\/jornalcorporativo.com.br\/en\/wp-json\/wp\/v2\/posts\/16205\/revisions"}],"wp:featuredmedia":[{"embeddable":true,"href":"https:\/\/jornalcorporativo.com.br\/en\/wp-json\/wp\/v2\/media\/16206"}],"wp:attachment":[{"href":"https:\/\/jornalcorporativo.com.br\/en\/wp-json\/wp\/v2\/media?parent=16205"}],"wp:term":[{"taxonomy":"category","embeddable":true,"href":"https:\/\/jornalcorporativo.com.br\/en\/wp-json\/wp\/v2\/categories?post=16205"},{"taxonomy":"post_tag","embeddable":true,"href":"https:\/\/jornalcorporativo.com.br\/en\/wp-json\/wp\/v2\/tags?post=16205"}],"curies":[{"name":"wp","href":"https:\/\/api.w.org\/{rel}","templated":true}]}}