{"id":16208,"date":"2023-09-05T19:15:00","date_gmt":"2023-09-05T22:15:00","guid":{"rendered":"https:\/\/jornalcorporativo.com.br\/?p=16208"},"modified":"2023-09-05T19:15:04","modified_gmt":"2023-09-05T22:15:04","slug":"lula-assina-demarcacao-de-terras-indigenas-e-novas-areas-de-protecao","status":"publish","type":"post","link":"https:\/\/jornalcorporativo.com.br\/en\/politica\/lula-assina-demarcacao-de-terras-indigenas-e-novas-areas-de-protecao\/","title":{"rendered":"Lula assina demarca\u00e7\u00e3o de terras ind\u00edgenas e novas \u00e1reas de prote\u00e7\u00e3o"},"content":{"rendered":"<p class=\"wp-block-paragraph\">O presidente Luiz In\u00e1cio Lula da Silva (PT) assinou nesta ter\u00e7a-feira (5) a demarca\u00e7\u00e3o de duas terras ind\u00edgenas, Rio Greg\u00f3rio e Acapuri de Cima. Lula tamb\u00e9m assinou a cria\u00e7\u00e3o de novas \u00e1reas de prote\u00e7\u00e3o ambiental.<\/p>\n\n\n\n<p class=\"wp-block-paragraph\">Segundo o governo, a Terra Ind\u00edgena Rio Greg\u00f3rio fica no munic\u00edpio de Tarauac\u00e1, no Acre. A popula\u00e7\u00e3o \u00e9 de 560 ind\u00edgenas dos povos Katukina Pano e Yawanaw\u00e1.<\/p>\n\n\n\n<p class=\"wp-block-paragraph\">J\u00e1 a Terra Ind\u00edgena Acapuri de Cima est\u00e1 situada nos munic\u00edpios de Fonte Boa e Juta\u00ed, no Amazonas. A popula\u00e7\u00e3o \u00e9 de 500 ind\u00edgenas do povo Kokama.<\/p>\n\n\n\n<p class=\"wp-block-paragraph\">Lula havia anunciado a assinatura das demarca\u00e7\u00f5es e da cria\u00e7\u00e3o das unidades de conserva\u00e7\u00e3o durante live em rede social na manh\u00e3 desta ter\u00e7a.<br>&#8220;Hoje \u00e9 o Dia da Amaz\u00f4nia, dia 5 de setembro \u00e9 o Dia da Amaz\u00f4nia. Vai ter uma atividade no Pal\u00e1cio do Planalto com a ministra Marina, com a ministra Guajajara, n\u00f3s vamos demarcar algumas terras ind\u00edgenas, algumas \u00e1reas de prote\u00e7\u00e3o ambiental. Vai ter coisa importante para a gente avisar hoje&#8221;, declarou Lula na transmiss\u00e3o.<\/p>\n\n\n\n<p class=\"wp-block-paragraph\">Seguran\u00e7a qu\u00edmica<br>O presidente tamb\u00e9m instituiu a Comiss\u00e3o Nacional de Seguran\u00e7a Qu\u00edmica. Coordenado pelo Minist\u00e9rio do Meio Ambiente (MMA) e composto por representantes de \u00f3rg\u00e3os e entidades da administra\u00e7\u00e3o p\u00fablica e da sociedade, o colegiado havia sido extinto em 2019.<\/p>\n\n\n\n<p class=\"wp-block-paragraph\">A comiss\u00e3o tem, entre outras atribui\u00e7\u00f5es, compet\u00eancia para coordenar a elabora\u00e7\u00e3o e a proposi\u00e7\u00e3o de estrat\u00e9gias para a gest\u00e3o ambientalmente adequada de subst\u00e2ncias qu\u00edmicas e seus res\u00edduos e para monitorar e avaliar a sua execu\u00e7\u00e3o.<\/p>\n\n\n\n<p class=\"wp-block-paragraph\">Amplia\u00e7\u00e3o de unidades de conserva\u00e7\u00e3o<br>Lula tamb\u00e9m assinou um decreto que cria a Unidade de Conserva\u00e7\u00e3o Floresta Nacional do Parima, no munic\u00edpio de Amajari, em Roraima. Outro decreto amplia a Unidade de Conserva\u00e7\u00e3o Parque Nacional do Viru\u00e1, no munic\u00edpio de Caracara\u00ed, tamb\u00e9m em Roraima, que ser\u00e1 acrescida em, aproximadamente, 54 mil hectares de \u00e1rea.<\/p>\n\n\n\n<p class=\"wp-block-paragraph\">O presidente ainda ampliou a \u00e1rea da Esta\u00e7\u00e3o Ecol\u00f3gica de Marac\u00e1 em 50,7 mil hectares. Localizada nos munic\u00edpios roraimense de Alto Alegre e Amajari, a esta\u00e7\u00e3o visa contribuir para a manuten\u00e7\u00e3o da \u00e1rea onde vivem 22 esp\u00e9cies amea\u00e7adas de extin\u00e7\u00e3o.<\/p>","protected":false},"excerpt":{"rendered":"<p>Presidente assinou atos em cerim\u00f4nia na tarde desta ter\u00e7a no Planalto com ministras Marina Silva e S\u00f4nia Guajajara<\/p>","protected":false},"author":3,"featured_media":16196,"comment_status":"open","ping_status":"open","sticky":false,"template":"","format":"standard","meta":{"_crdt_document":"","footnotes":""},"categories":[7],"tags":[],"class_list":["post-16208","post","type-post","status-publish","format-standard","has-post-thumbnail","hentry","category-politica"],"brizy_media":[],"_links":{"self":[{"href":"https:\/\/jornalcorporativo.com.br\/en\/wp-json\/wp\/v2\/posts\/16208","targetHints":{"allow":["GET"]}}],"collection":[{"href":"https:\/\/jornalcorporativo.com.br\/en\/wp-json\/wp\/v2\/posts"}],"about":[{"href":"https:\/\/jornalcorporativo.com.br\/en\/wp-json\/wp\/v2\/types\/post"}],"author":[{"embeddable":true,"href":"https:\/\/jornalcorporativo.com.br\/en\/wp-json\/wp\/v2\/users\/3"}],"replies":[{"embeddable":true,"href":"https:\/\/jornalcorporativo.com.br\/en\/wp-json\/wp\/v2\/comments?post=16208"}],"version-history":[{"count":0,"href":"https:\/\/jornalcorporativo.com.br\/en\/wp-json\/wp\/v2\/posts\/16208\/revisions"}],"wp:featuredmedia":[{"embeddable":true,"href":"https:\/\/jornalcorporativo.com.br\/en\/wp-json\/wp\/v2\/media\/16196"}],"wp:attachment":[{"href":"https:\/\/jornalcorporativo.com.br\/en\/wp-json\/wp\/v2\/media?parent=16208"}],"wp:term":[{"taxonomy":"category","embeddable":true,"href":"https:\/\/jornalcorporativo.com.br\/en\/wp-json\/wp\/v2\/categories?post=16208"},{"taxonomy":"post_tag","embeddable":true,"href":"https:\/\/jornalcorporativo.com.br\/en\/wp-json\/wp\/v2\/tags?post=16208"}],"curies":[{"name":"wp","href":"https:\/\/api.w.org\/{rel}","templated":true}]}}