{"id":16211,"date":"2023-09-05T19:15:23","date_gmt":"2023-09-05T22:15:23","guid":{"rendered":"https:\/\/jornalcorporativo.com.br\/?p=16211"},"modified":"2023-09-05T19:15:28","modified_gmt":"2023-09-05T22:15:28","slug":"hiv-jovens-de-15-a-29-anos-representam-51-dos-novos-casos-de-infeccao-no-df","status":"publish","type":"post","link":"https:\/\/jornalcorporativo.com.br\/en\/brasil\/hiv-jovens-de-15-a-29-anos-representam-51-dos-novos-casos-de-infeccao-no-df\/","title":{"rendered":"HIV: jovens de 15 a 29 anos representam 51% dos novos casos de infec\u00e7\u00e3o no DF"},"content":{"rendered":"<p class=\"wp-block-paragraph\">Um total de 51,04% dos casos de infec\u00e7\u00e3o pelo HIV, de 2017 a 2021, ocorreram em jovens de 15 a 29 anos no Distrito Federal. Os dados, da Secretaria de Sa\u00fade do DF (SES-DF), mostram ainda que 35,1% dos casos de adoecimento por Aids est\u00e3o na mesma faixa et\u00e1ria.<\/p>\n\n\n\n<p class=\"wp-block-paragraph\">Segundo especialistas, o aumento de infec\u00e7\u00f5es pelo V\u00edrus da Imunodefici\u00eancia Humana (HIV) na popula\u00e7\u00e3o jovem, ocorre fatores como:<br>Alta frequ\u00eancia em rela\u00e7\u00e3o \u00e0 pr\u00e1tica sexual<br>Elevado n\u00famero de parceiros sexuais<br>Dificuldade de acesso \u00e0 informa\u00e7\u00e3o adequada<br>Vulnerabilidade social com falta de acesso a testagem, preservativos e insumos b\u00e1sicos<\/p>\n\n\n\n<p class=\"wp-block-paragraph\">A m\u00e9dica infectologista Juliana Lapa, da Faculdade de Medicina da Universidade de Bras\u00edlia (UnB), lembra que essa nova gera\u00e7\u00e3o n\u00e3o viu o impacto da AIDS dos anos 90.<\/p>\n\n\n\n<p class=\"wp-block-paragraph\">\u201cEles n\u00e3o viram pessoas morrendo como antes. Essa gera\u00e7\u00e3o j\u00e1 conheceu o HIV como uma doen\u00e7a cr\u00f4nica, trat\u00e1vel e n\u00e3o tem o mesmo receio das gera\u00e7\u00f5es anteriores\u201d, diz a m\u00e9dica.<\/p>\n\n\n\n<p class=\"wp-block-paragraph\">Segundo a \u00faltima Pesquisa de Comportamentos, Atitudes e Pr\u00e1ticas (PCAP), publicada pelo Minist\u00e9rio da Sa\u00fade (2016), 35,4% dos jovens entre 15 e 24 anos tiveram mais de dez parcerias sexuais na vida e 8,8% relatam terem tido parcerias do mesmo sexo.<\/p>\n\n\n\n<p class=\"wp-block-paragraph\">\u201cO dado expressa o risco de exposi\u00e7\u00e3o \u00e0 infec\u00e7\u00e3o pelo HIV e de adoecimento por Aids, que se agrega aos diversos fatores de vulnerabilidade: preconceito e discrimina\u00e7\u00e3o das pessoas LGBTQIA+, barreiras de acesso \u00e0 informa\u00e7\u00e3o e meios de preven\u00e7\u00e3o, diagn\u00f3stico e tratamento, desigualdade social e de g\u00eanero no pa\u00eds&#8221;, diz a secretaria.<\/p>\n\n\n\n<p class=\"wp-block-paragraph\">Como se prevenir?<br>Uso de preservativos masculino, feminino e gel lubrificante;<br>Profilaxia pr\u00e9-exposi\u00e7\u00e3o (PrEP);<br>Profilaxia p\u00f3s-exposi\u00e7\u00e3o (PEP);<br>Testagem regular para o HIV e outras ISTs;<br>Tratar todas as pessoas vivendo com HIV\/Aids;<br>Prevenir a transmiss\u00e3o vertical (da m\u00e3e para o filho durante a gesta\u00e7\u00e3o ou parto).<br>Cuidados para evitar outras ISTs atrav\u00e9s de vacina\u00e7\u00e3o e tratamento de outras ISTs<\/p>","protected":false},"excerpt":{"rendered":"<p>Em rela\u00e7\u00e3o \u00e0 Aids, jovens representam 35,1% de adoecimento, segundo Secretaria de Sa\u00fade.<\/p>","protected":false},"author":3,"featured_media":16195,"comment_status":"open","ping_status":"open","sticky":false,"template":"","format":"standard","meta":{"_crdt_document":"","footnotes":""},"categories":[36],"tags":[],"class_list":["post-16211","post","type-post","status-publish","format-standard","has-post-thumbnail","hentry","category-brasil"],"brizy_media":[],"_links":{"self":[{"href":"https:\/\/jornalcorporativo.com.br\/en\/wp-json\/wp\/v2\/posts\/16211","targetHints":{"allow":["GET"]}}],"collection":[{"href":"https:\/\/jornalcorporativo.com.br\/en\/wp-json\/wp\/v2\/posts"}],"about":[{"href":"https:\/\/jornalcorporativo.com.br\/en\/wp-json\/wp\/v2\/types\/post"}],"author":[{"embeddable":true,"href":"https:\/\/jornalcorporativo.com.br\/en\/wp-json\/wp\/v2\/users\/3"}],"replies":[{"embeddable":true,"href":"https:\/\/jornalcorporativo.com.br\/en\/wp-json\/wp\/v2\/comments?post=16211"}],"version-history":[{"count":0,"href":"https:\/\/jornalcorporativo.com.br\/en\/wp-json\/wp\/v2\/posts\/16211\/revisions"}],"wp:featuredmedia":[{"embeddable":true,"href":"https:\/\/jornalcorporativo.com.br\/en\/wp-json\/wp\/v2\/media\/16195"}],"wp:attachment":[{"href":"https:\/\/jornalcorporativo.com.br\/en\/wp-json\/wp\/v2\/media?parent=16211"}],"wp:term":[{"taxonomy":"category","embeddable":true,"href":"https:\/\/jornalcorporativo.com.br\/en\/wp-json\/wp\/v2\/categories?post=16211"},{"taxonomy":"post_tag","embeddable":true,"href":"https:\/\/jornalcorporativo.com.br\/en\/wp-json\/wp\/v2\/tags?post=16211"}],"curies":[{"name":"wp","href":"https:\/\/api.w.org\/{rel}","templated":true}]}}