{"id":16314,"date":"2023-09-12T18:24:37","date_gmt":"2023-09-12T21:24:37","guid":{"rendered":"https:\/\/jornalcorporativo.com.br\/?p=16314"},"modified":"2023-09-12T18:24:42","modified_gmt":"2023-09-12T21:24:42","slug":"conmebol-inicia-nesta-terca-feira-a-venda-de-ingressos-para-a-final-da-libertadores","status":"publish","type":"post","link":"https:\/\/jornalcorporativo.com.br\/en\/esportes\/conmebol-inicia-nesta-terca-feira-a-venda-de-ingressos-para-a-final-da-libertadores\/","title":{"rendered":"Conmebol inicia nesta ter\u00e7a-feira a venda de ingressos para a final da Libertadores"},"content":{"rendered":"<p class=\"wp-block-paragraph\">A Conmebol iniciou nesta ter\u00e7a-feira a venda de ingressos para a final da Conmebol Libertadores. A partida ser\u00e1 disputada no dia 4 de novembro, no est\u00e1dio Maracan\u00e3, no Rio de Janeiro. Neste momento, Fluminense, Palmeiras, Internacional e Boca Juniors seguem na competi\u00e7\u00e3o.<\/p>\n\n\n\n<p class=\"wp-block-paragraph\">Valores dos ingressos<br>Categoria 1: R$ 1.300,00<br>Categoria 2: R$ 800,00<br>Categoria 3: R$ 260,00 (exclusivo para clubes finalistas)<\/p>\n\n\n\n<p class=\"wp-block-paragraph\">A categoria 3 \u00e9 o setor dedicado aos clubes finalistas e n\u00e3o estar\u00e1 dispon\u00edvel para venda ao p\u00fablico em geral e\/ou p\u00fablico local. Ap\u00f3s a defini\u00e7\u00e3o dos clubes finalistas, ser\u00e3o divulgadas as condi\u00e7\u00f5es de compra desta categoria, de acordo com a log\u00edstica de vendas de cada clube. Os interessados \u200b\u200bem participar do evento poder\u00e3o adquirir seus ingressos pela plataforma oficial de vendas do evento.<\/p>\n\n\n\n<p class=\"wp-block-paragraph\">Os ingressos s\u00e3o nominais e intransfer\u00edveis. A compra m\u00e1xima por usu\u00e1rio \u00e9 de 5 ingressos (o usu\u00e1rio + 4 pessoas), por se tratarem de ingressos nominativos, cada usu\u00e1rio tamb\u00e9m dever\u00e1 cadastrar seus convidados.<\/p>\n\n\n\n<p class=\"wp-block-paragraph\">As semifinais da Conmebol Libertadores, que ser\u00e3o disputadas nas semanas de 27 de setembro e 4 de outubro. Fluminense, Internacional, Palmeiras e Boca Juniors, da Argentina, s\u00e3o os times classificados. Pelo terceiro ano seguido, tr\u00eas times brasileiros chegam \u00e0 semifinal do torneio. Veja abaixo a tabela da pr\u00f3xima fase.<\/p>\n\n\n\n<p class=\"wp-block-paragraph\">Jogos de ida<br>27\/9 &#8211; 21h30 &#8211; Maracan\u00e3 &#8211; Fluminense x Internacional<br>28\/9 &#8211; 21h30 &#8211; Bombonera &#8211; Boca Juniors x Palmeiras<\/p>\n\n\n\n<p class=\"wp-block-paragraph\">Jogos de volta<br>4\/10 &#8211; 21h30 &#8211; Beira-Rio &#8211; Internacional x Fluminense<br>5\/10 &#8211; 21h30 &#8211; Allianz Parque &#8211; Palmeiras x Boca Juniors<\/p>\n\n\n\n<p class=\"wp-block-paragraph\">Premia\u00e7\u00e3o da Conmebol Libertadores 2023<br>A classifica\u00e7\u00e3o para a semifinal vale 2,3 milh\u00f5es de d\u00f3lares (cerca de R$ 12 milh\u00f5es) para cada time.<br>Fase de grupos: US$ 3 milh\u00f5es (R$ 15,7 milh\u00f5es) + US$ 300 mil (R$ 1,57 milh\u00e3o) por vit\u00f3ria.<br>Oitavas de final: US$ 1,25 milh\u00e3o (R$ 6,6 milh\u00f5es)<br>Quartas de final: US$ 1,7 milh\u00e3o (R$ 8,9 milh\u00f5es)<br>Semifinal: US$ 2,3 milh\u00f5es (R$ 12,1 milh\u00f5es)<br>Vice-campe\u00e3o: US$ 7 milh\u00f5es (R$ 36,7 milh\u00f5es)<br>Campe\u00e3o: US$ 18 milh\u00f5es (R$ 94,5 milh\u00f5es)<\/p>","protected":false},"excerpt":{"rendered":"<p>O comunicado foi feito pelo presidente da Conmebol, Alejandro, nas redes sociais. Os valores ainda n\u00e3o foram divulgados<\/p>","protected":false},"author":3,"featured_media":16320,"comment_status":"open","ping_status":"open","sticky":false,"template":"","format":"standard","meta":{"_crdt_document":"","footnotes":""},"categories":[6],"tags":[],"class_list":["post-16314","post","type-post","status-publish","format-standard","has-post-thumbnail","hentry","category-esportes"],"brizy_media":[],"_links":{"self":[{"href":"https:\/\/jornalcorporativo.com.br\/en\/wp-json\/wp\/v2\/posts\/16314","targetHints":{"allow":["GET"]}}],"collection":[{"href":"https:\/\/jornalcorporativo.com.br\/en\/wp-json\/wp\/v2\/posts"}],"about":[{"href":"https:\/\/jornalcorporativo.com.br\/en\/wp-json\/wp\/v2\/types\/post"}],"author":[{"embeddable":true,"href":"https:\/\/jornalcorporativo.com.br\/en\/wp-json\/wp\/v2\/users\/3"}],"replies":[{"embeddable":true,"href":"https:\/\/jornalcorporativo.com.br\/en\/wp-json\/wp\/v2\/comments?post=16314"}],"version-history":[{"count":0,"href":"https:\/\/jornalcorporativo.com.br\/en\/wp-json\/wp\/v2\/posts\/16314\/revisions"}],"wp:featuredmedia":[{"embeddable":true,"href":"https:\/\/jornalcorporativo.com.br\/en\/wp-json\/wp\/v2\/media\/16320"}],"wp:attachment":[{"href":"https:\/\/jornalcorporativo.com.br\/en\/wp-json\/wp\/v2\/media?parent=16314"}],"wp:term":[{"taxonomy":"category","embeddable":true,"href":"https:\/\/jornalcorporativo.com.br\/en\/wp-json\/wp\/v2\/categories?post=16314"},{"taxonomy":"post_tag","embeddable":true,"href":"https:\/\/jornalcorporativo.com.br\/en\/wp-json\/wp\/v2\/tags?post=16314"}],"curies":[{"name":"wp","href":"https:\/\/api.w.org\/{rel}","templated":true}]}}