{"id":16328,"date":"2023-09-12T18:26:23","date_gmt":"2023-09-12T21:26:23","guid":{"rendered":"https:\/\/jornalcorporativo.com.br\/?p=16328"},"modified":"2023-09-12T18:26:27","modified_gmt":"2023-09-12T21:26:27","slug":"lula-na-onu-tratara-de-clima-transicao-energetica-fome-e-governanca-global","status":"publish","type":"post","link":"https:\/\/jornalcorporativo.com.br\/en\/politica\/lula-na-onu-tratara-de-clima-transicao-energetica-fome-e-governanca-global\/","title":{"rendered":"Lula na ONU tratar\u00e1 de clima, transi\u00e7\u00e3o energ\u00e9tica, fome e governan\u00e7a global"},"content":{"rendered":"<p class=\"wp-block-paragraph\">O discurso de Luiz In\u00e1cio Lula da Silva (PT), na abertura da Assembleia Geral da ONU, em 19 de setembro, deve reunir as principais ideias j\u00e1 expressas pelo presidente em discursos de c\u00fapulas anteriores, ao longo de 2023.<\/p>\n\n\n\n<p class=\"wp-block-paragraph\">Por tradi\u00e7\u00e3o, o presidente brasileiro faz o discurso de abertura da Assembleia. E justamente por isso, a fala tem um car\u00e1ter emblem\u00e1tico, pela visibilidade e possibilidade de trazer \u00e0 luz diferentes temas.<\/p>\n\n\n\n<p class=\"wp-block-paragraph\">Segundo fontes do Itamaraty, a ideia central da fala de Lula &#8220;ser\u00e1 como apresentar o resultado final de uma curva crescente&#8221;, formada por discursos feitos nas \u00faltimas c\u00fapulas e eventos de relev\u00e2ncia global, como o encontro do G7, a c\u00fapula do BRICS, a c\u00fapula sobre o pacto financeiro global, em Paris e a reuni\u00e3o do G20, trazendo como \u00e1pice o discurso da ONU, juntando seus principais temas a serem abordados, como:<br>Novo modelo de governan\u00e7a global<br>Combate \u00e0 fome e \u00e0s desigualdades<br>Transi\u00e7\u00e3o energ\u00e9tica<br>Defesa da Democracia<br>Defesa da paz justa e duradoura no mundo<br>Desenvolvimento sustent\u00e1vel e mudan\u00e7as clim\u00e1ticas<\/p>\n\n\n\n<p class=\"wp-block-paragraph\">Neste \u00faltimo tema, h\u00e1 ainda a expectativa de que seja levado ao discurso algum ponto tratado na c\u00fapula da Amaz\u00f4nia, que aconteceu em agosto em Bel\u00e9m. O Itamaraty acredita que este foi um momento importante e de relev\u00e2ncia na pauta ambiental, e pode atrair olhares para a realiza\u00e7\u00e3o da COP-30, que acontecer\u00e1 na capital paraense, em 2025.<\/p>\n\n\n\n<p class=\"wp-block-paragraph\">Lula tamb\u00e9m ter\u00e1 o cuidado, em seu discurso, de manter uma equidist\u00e2ncia entre China e Estados Unidos, atores globais que experimentam uma disputa tensa por protagonismo e desencontros diplom\u00e1ticos, nos \u00faltimos anos. O discurso \u00e9 desenhado com ajuda de diplomatas do Minist\u00e9rio das Rela\u00e7\u00f5es Exteriores, e ter\u00e1 a revis\u00e3o, al\u00e9m do Chanceler Mauro Vieira, do assessor especial da Presid\u00eancia da Rep\u00fablica, Celso Amorim, e da Secretaria de Comunica\u00e7\u00e3o.<\/p>\n\n\n\n<p class=\"wp-block-paragraph\">Pol\u00eamica em declara\u00e7\u00e3o sobre TPI<br>Durante visita \u00e0 \u00cdndia, onde participou da reuni\u00e3o de C\u00fapula do G20, Lula chegou a declarar que o presidente russo Vladimir Putin poderia vir tranquilamente ao Brasil na pr\u00f3xima reuni\u00e3o do G20, no Rio de Janeiro, em 2024, e que tentar prend\u00ea-lo aqui seria desrespeitar o Brasil. E questionou o fato de o Brasil fazer parte do Tribunal Penal Internacional.<\/p>","protected":false},"excerpt":{"rendered":"<p>Segundo fontes, abertura da Assembleia-Geral ser\u00e1 o \u201cresultado de uma curva crescente\u201d de falas do presidente<\/p>","protected":false},"author":3,"featured_media":16317,"comment_status":"open","ping_status":"open","sticky":false,"template":"","format":"standard","meta":{"_crdt_document":"","footnotes":""},"categories":[7],"tags":[],"class_list":["post-16328","post","type-post","status-publish","format-standard","has-post-thumbnail","hentry","category-politica"],"brizy_media":[],"_links":{"self":[{"href":"https:\/\/jornalcorporativo.com.br\/en\/wp-json\/wp\/v2\/posts\/16328","targetHints":{"allow":["GET"]}}],"collection":[{"href":"https:\/\/jornalcorporativo.com.br\/en\/wp-json\/wp\/v2\/posts"}],"about":[{"href":"https:\/\/jornalcorporativo.com.br\/en\/wp-json\/wp\/v2\/types\/post"}],"author":[{"embeddable":true,"href":"https:\/\/jornalcorporativo.com.br\/en\/wp-json\/wp\/v2\/users\/3"}],"replies":[{"embeddable":true,"href":"https:\/\/jornalcorporativo.com.br\/en\/wp-json\/wp\/v2\/comments?post=16328"}],"version-history":[{"count":0,"href":"https:\/\/jornalcorporativo.com.br\/en\/wp-json\/wp\/v2\/posts\/16328\/revisions"}],"wp:featuredmedia":[{"embeddable":true,"href":"https:\/\/jornalcorporativo.com.br\/en\/wp-json\/wp\/v2\/media\/16317"}],"wp:attachment":[{"href":"https:\/\/jornalcorporativo.com.br\/en\/wp-json\/wp\/v2\/media?parent=16328"}],"wp:term":[{"taxonomy":"category","embeddable":true,"href":"https:\/\/jornalcorporativo.com.br\/en\/wp-json\/wp\/v2\/categories?post=16328"},{"taxonomy":"post_tag","embeddable":true,"href":"https:\/\/jornalcorporativo.com.br\/en\/wp-json\/wp\/v2\/tags?post=16328"}],"curies":[{"name":"wp","href":"https:\/\/api.w.org\/{rel}","templated":true}]}}