{"id":16552,"date":"2023-09-25T17:45:36","date_gmt":"2023-09-25T20:45:36","guid":{"rendered":"https:\/\/jornalcorporativo.com.br\/?p=16552"},"modified":"2023-09-25T17:45:40","modified_gmt":"2023-09-25T20:45:40","slug":"tite-ganha-forca-nos-bastidores-e-flamengo-abre-contatos-para-contratacao","status":"publish","type":"post","link":"https:\/\/jornalcorporativo.com.br\/en\/esportes\/tite-ganha-forca-nos-bastidores-e-flamengo-abre-contatos-para-contratacao\/","title":{"rendered":"Tite ganha for\u00e7a nos bastidores, e Flamengo abre contatos para contrata\u00e7\u00e3o"},"content":{"rendered":"<p class=\"wp-block-paragraph\">Jorge Sampaoli se arrasta como t\u00e9cnico do Flamengo, e o vice-campeonato da Copa do Brasil refor\u00e7ou a certeza de que o fim da rela\u00e7\u00e3o acontecer\u00e1 em breve. Assim, a diretoria rubro-negra olha para o mercado na busca pelo substituto. O nome de Tite \u00e9 o mais forte no clube.<\/p>\n\n\n\n<p class=\"wp-block-paragraph\">Ao deixar a sele\u00e7\u00e3o brasileira depois da Copa do Mundo do Catar, em dezembro de 2022, Tite n\u00e3o assumiu clube algum e decidiu esperar o fim da temporada europeia, j\u00e1 que tinha o objetivo declarado do trabalhar no continente. Por\u00e9m, ele n\u00e3o recebeu propostas que considerou satisfat\u00f3rias.<\/p>\n\n\n\n<p class=\"wp-block-paragraph\">Com o in\u00edcio da nova temporada na Europa h\u00e1 pouco mais de um m\u00eas, Tite passou a cogitar o trabalho no Brasil. Assim, recentemente o Flamengo deu um primeiro passo ao perguntar a intermedi\u00e1rios se o treinador estaria disposto a trabalhar no pa\u00eds. A resposta foi sim.<\/p>\n\n\n\n<p class=\"wp-block-paragraph\">Em caso de acerto, a hip\u00f3tese mais prov\u00e1vel \u00e9 que Tite assuma somente em 2024. Ele participaria do planejamento para a pr\u00f3xima temporada desde o momento da contrata\u00e7\u00e3o, mas sem comandar a equipe em campo este ano. A prefer\u00eancia da diretoria, por\u00e9m, \u00e9 por um in\u00edcio de trabalho imediato.<\/p>\n\n\n\n<p class=\"wp-block-paragraph\">Com contatos feitos e aceita\u00e7\u00e3o de ambas as partes, Tite \u00e9 o favorito para substituir Sampaoli, o que n\u00e3o significa que h\u00e1 qualquer acerto encaminhado.<\/p>\n\n\n\n<p class=\"wp-block-paragraph\">Com Sampaoli ainda no comando, o Flamengo, de fato, n\u00e3o fez nenhuma movimenta\u00e7\u00e3o oficial para contrata\u00e7\u00e3o de Tite. O Rubro-Negro, atrav\u00e9s de intermedi\u00e1rios, realizou algumas consultas para ter no\u00e7\u00e3o do planejamento de carreira e, claro, financeiro do treinador.<\/p>\n\n\n\n<p class=\"wp-block-paragraph\">No passado, o presidente do Flamengo, Rodolfo Landim, manifestou a pessoas pr\u00f3ximas certa desconfian\u00e7a sobre poss\u00edvel acerto com Tite. Na vis\u00e3o do dirigente, o estilo de jogo do t\u00e9cnico n\u00e3o tem a cara do clube. Mas a aproxima\u00e7\u00e3o recente entre o Rubro-Negro e o staff de Tite representa um sinal de que esse obst\u00e1culo foi superado.<\/p>\n\n\n\n<p class=\"wp-block-paragraph\">O processo de negocia\u00e7\u00e3o com Tite ser\u00e1 um pouco diferente do que aconteceu na escolha de Jorge Sampaoli. Naquela ocasi\u00e3o, em abril, Landim foi o principal entusiasta da contrata\u00e7\u00e3o do argentino.<\/p>","protected":false},"excerpt":{"rendered":"<p>Com o in\u00edcio da nova temporada na Europa h\u00e1 pouco mais de um m\u00eas, Tite passou a cogitar o trabalho no Brasil<\/p>","protected":false},"author":3,"featured_media":16558,"comment_status":"open","ping_status":"open","sticky":false,"template":"","format":"standard","meta":{"_crdt_document":"","footnotes":""},"categories":[6],"tags":[],"class_list":["post-16552","post","type-post","status-publish","format-standard","has-post-thumbnail","hentry","category-esportes"],"brizy_media":[],"_links":{"self":[{"href":"https:\/\/jornalcorporativo.com.br\/en\/wp-json\/wp\/v2\/posts\/16552","targetHints":{"allow":["GET"]}}],"collection":[{"href":"https:\/\/jornalcorporativo.com.br\/en\/wp-json\/wp\/v2\/posts"}],"about":[{"href":"https:\/\/jornalcorporativo.com.br\/en\/wp-json\/wp\/v2\/types\/post"}],"author":[{"embeddable":true,"href":"https:\/\/jornalcorporativo.com.br\/en\/wp-json\/wp\/v2\/users\/3"}],"replies":[{"embeddable":true,"href":"https:\/\/jornalcorporativo.com.br\/en\/wp-json\/wp\/v2\/comments?post=16552"}],"version-history":[{"count":0,"href":"https:\/\/jornalcorporativo.com.br\/en\/wp-json\/wp\/v2\/posts\/16552\/revisions"}],"wp:featuredmedia":[{"embeddable":true,"href":"https:\/\/jornalcorporativo.com.br\/en\/wp-json\/wp\/v2\/media\/16558"}],"wp:attachment":[{"href":"https:\/\/jornalcorporativo.com.br\/en\/wp-json\/wp\/v2\/media?parent=16552"}],"wp:term":[{"taxonomy":"category","embeddable":true,"href":"https:\/\/jornalcorporativo.com.br\/en\/wp-json\/wp\/v2\/categories?post=16552"},{"taxonomy":"post_tag","embeddable":true,"href":"https:\/\/jornalcorporativo.com.br\/en\/wp-json\/wp\/v2\/tags?post=16552"}],"curies":[{"name":"wp","href":"https:\/\/api.w.org\/{rel}","templated":true}]}}