{"id":16564,"date":"2023-09-25T17:47:23","date_gmt":"2023-09-25T20:47:23","guid":{"rendered":"https:\/\/jornalcorporativo.com.br\/?p=16564"},"modified":"2023-09-25T17:47:26","modified_gmt":"2023-09-25T20:47:26","slug":"evo-morales-anuncia-candidatura-na-bolivia","status":"publish","type":"post","link":"https:\/\/jornalcorporativo.com.br\/en\/internacional\/evo-morales-anuncia-candidatura-na-bolivia\/","title":{"rendered":"Evo Morales anuncia candidatura na Bol\u00edvia"},"content":{"rendered":"\n<p class=\"wp-block-paragraph\">O ex-presidente Evo Morales anunciou neste domingo (24) sua candidatura \u00e0 presid\u00eancia da Bol\u00edvia nas elei\u00e7\u00f5es de 2025, em meio \u00e0 crescente tens\u00e3o com o governo de seu ex-parceiro pol\u00edtico, Luis Arce.<\/p>\n\n\n\n<p class=\"wp-block-paragraph\">&#8220;Decidimos aceitar os pedidos de nossa milit\u00e2ncia e de tantas irm\u00e3s e irm\u00e3os [\u2026] para ser candidato \u00e0 presid\u00eancia de nossa querida Bol\u00edvia&#8221;, disse Morales em suas redes sociais. O ex-presidente disse que est\u00e1 tomando esta medida &#8220;obrigado pelos ataques do governo&#8221;, que acusa de atentar &#8220;fisicamente&#8221; contra a sua vida.<\/p>\n\n\n\n<p class=\"wp-block-paragraph\">Morales, que esteve a frente do pa\u00eds entre 2006 e 2019, \u00e9 o primeiro pol\u00edtico boliviano a anunciar sua inten\u00e7\u00e3o de concorrer \u00e0 presid\u00eancia do pa\u00eds em 2025.<\/p>\n\n\n\n<p class=\"wp-block-paragraph\">Entretanto, seu partido, o governista Movimento ao Socialismo (MAS), tem marcado para a pr\u00f3xima semana um congresso para formar uma comiss\u00e3o que organize, para dezembro ou janeiro, elei\u00e7\u00f5es prim\u00e1rias para eleger os candidatos \u00e0 presid\u00eancia e vice-presid\u00eancia.<\/p>\n\n\n\n<p class=\"wp-block-paragraph\">Morales e a c\u00fapula do partido mant\u00eam trocas de acusa\u00e7\u00f5es constantes com integrantes da administra\u00e7\u00e3o de Arce. Nos \u00faltimos meses, o ex-presidente acusou os ministros de Governo, Eduardo del Castillo, e Justi\u00e7a, Iv\u00e1n Lima, de liderarem a\u00e7\u00f5es pol\u00edticas contra ele e de tentarem envolv\u00ea-lo em casos de corrup\u00e7\u00e3o.<\/p>\n\n\n\n<p class=\"wp-block-paragraph\">A disputa interna na situa\u00e7\u00e3o tem como pano de fundo quem finalmente ser\u00e1 o candidato do MAS: Morales ou Arce. O atual presidente, no poder desde novembro de 2020, disse que o tema de sua reelei\u00e7\u00e3o ainda n\u00e3o est\u00e1 na agenda.<\/p>\n\n\n\n<p class=\"wp-block-paragraph\">Na Bol\u00edvia, h\u00e1 discuss\u00f5es sobre a possibilidade de Morales concorrer nas elei\u00e7\u00f5es. A Constitui\u00e7\u00e3o diz que o mandato presidencial \u00e9 de cinco anos e que pode haver reelei\u00e7\u00e3o uma s\u00f3 vez de forma cont\u00ednua.<\/p>\n\n\n\n<p class=\"wp-block-paragraph\">O ministro Lima assinalou que o Tribunal Constitucional deve decidir se pode haver uma \u00fanica reelei\u00e7\u00e3o ou, como interpreta Morales, se \u00e9 permitido a um ex-chefe de Estado uma nova candidatura ap\u00f3s o transcurso de apenas um mandato presidencial.<\/p>\n","protected":false},"excerpt":{"rendered":"<p>Ex-presidente esteve a frente do pa\u00eds entre 2006 e 2019 e \u00e9 primeiro a anunciar sua inten\u00e7\u00e3o de concorrer \u00e0 presid\u00eancia em 2025<\/p>","protected":false},"author":3,"featured_media":16556,"comment_status":"open","ping_status":"open","sticky":false,"template":"","format":"standard","meta":{"_crdt_document":"","footnotes":""},"categories":[2],"tags":[],"class_list":["post-16564","post","type-post","status-publish","format-standard","has-post-thumbnail","hentry","category-internacional"],"brizy_media":[],"_links":{"self":[{"href":"https:\/\/jornalcorporativo.com.br\/en\/wp-json\/wp\/v2\/posts\/16564","targetHints":{"allow":["GET"]}}],"collection":[{"href":"https:\/\/jornalcorporativo.com.br\/en\/wp-json\/wp\/v2\/posts"}],"about":[{"href":"https:\/\/jornalcorporativo.com.br\/en\/wp-json\/wp\/v2\/types\/post"}],"author":[{"embeddable":true,"href":"https:\/\/jornalcorporativo.com.br\/en\/wp-json\/wp\/v2\/users\/3"}],"replies":[{"embeddable":true,"href":"https:\/\/jornalcorporativo.com.br\/en\/wp-json\/wp\/v2\/comments?post=16564"}],"version-history":[{"count":0,"href":"https:\/\/jornalcorporativo.com.br\/en\/wp-json\/wp\/v2\/posts\/16564\/revisions"}],"wp:featuredmedia":[{"embeddable":true,"href":"https:\/\/jornalcorporativo.com.br\/en\/wp-json\/wp\/v2\/media\/16556"}],"wp:attachment":[{"href":"https:\/\/jornalcorporativo.com.br\/en\/wp-json\/wp\/v2\/media?parent=16564"}],"wp:term":[{"taxonomy":"category","embeddable":true,"href":"https:\/\/jornalcorporativo.com.br\/en\/wp-json\/wp\/v2\/categories?post=16564"},{"taxonomy":"post_tag","embeddable":true,"href":"https:\/\/jornalcorporativo.com.br\/en\/wp-json\/wp\/v2\/tags?post=16564"}],"curies":[{"name":"wp","href":"https:\/\/api.w.org\/{rel}","templated":true}]}}