{"id":16567,"date":"2023-09-25T17:48:21","date_gmt":"2023-09-25T20:48:21","guid":{"rendered":"https:\/\/jornalcorporativo.com.br\/?p=16567"},"modified":"2023-09-25T17:48:26","modified_gmt":"2023-09-25T20:48:26","slug":"lula-diz-nao-ter-pressa-para-indicar-nomes-para-pgr-e-stf-e-genero-e-cor-nao-serao-criterios","status":"publish","type":"post","link":"https:\/\/jornalcorporativo.com.br\/en\/politica\/lula-diz-nao-ter-pressa-para-indicar-nomes-para-pgr-e-stf-e-genero-e-cor-nao-serao-criterios\/","title":{"rendered":"Lula diz n\u00e3o ter &#8216;pressa&#8217; para indicar nomes para PGR e STF e g\u00eanero e cor n\u00e3o ser\u00e3o crit\u00e9rios"},"content":{"rendered":"\n<p class=\"wp-block-paragraph\">O presidente Luiz In\u00e1cio Lula da Silva (PT) afirmou nesta segunda-feira (25) n\u00e3o ter &#8220;pressa&#8221; para indicar os substitutos de Rosa Weber, no Supremo Tribunal Federal (STF), e de Augusto Aras, na Procuradoria-Geral da Rep\u00fablica.<\/p>\n\n\n\n<p class=\"wp-block-paragraph\">Ele tamb\u00e9m afirmou que g\u00eanero e cor de pele n\u00e3o ser\u00e3o crit\u00e9rios para a escolha. O petista disse ainda que indicar\u00e1 pessoas que possam &#8220;atender expectativas do Brasil&#8221;.<\/p>\n\n\n\n<p class=\"wp-block-paragraph\">O per\u00edodo de Augusto Aras \u00e0 frente do Minist\u00e9rio P\u00fablico Federal termina nesta ter\u00e7a-feira (26). J\u00e1 Rosa Weber, atual presidente do STF, se aposenta no dia 2 de outubro, quando completa 75 anos.<\/p>\n\n\n\n<p class=\"wp-block-paragraph\">Lula deu as declara\u00e7\u00f5es durante entrevista no Pal\u00e1cio do Itamaraty, onde se reuniu com o primeiro-ministro do Vietn\u00e3, Pham Minh Chinh.<\/p>\n\n\n\n<p class=\"wp-block-paragraph\">Ao ser questionado sobre as indica\u00e7\u00f5es que ter\u00e1 de fazer, Lula afirmou que est\u00e1 ouvindo &#8220;muita gente&#8221; e recebendo &#8220;conselhos&#8221;.<\/p>\n\n\n\n<p class=\"wp-block-paragraph\">\u201cNo momento que eu tiver que tomar a decis\u00e3o, voc\u00eas podem ficar tranquilos que eu vou anunciar para voc\u00eas: \u2018Escolhi a pessoa certa para colocar no lugar\u2019. Mas eu n\u00e3o tenho pressa&#8221;, afirmou Lula.<\/p>\n\n\n\n<p class=\"wp-block-paragraph\">O petista foi perguntado se indicar\u00e1 uma mulher para a cadeira que ficar\u00e1 vaga com a aposentadoria de Rosa Weber. Lula tem sido pressionado por parte de apoiadores a escolher uma ministra, j\u00e1 que a Corte teve somente tr\u00eas mulheres na hist\u00f3ria.<\/p>\n\n\n\n<p class=\"wp-block-paragraph\">&#8220;O crit\u00e9rio n\u00e3o ser\u00e1 mais esse [g\u00eanero]. Eu estou muito tranquilo, por isso que eu t\u00f4 dizendo que eu vou escolher uma pessoa que possa atender aos interesses e expectativas do Brasil. Uma pessoa que possa servir o Brasil. Uma pessoa que tenha respeito com a sociedade brasileira. Uma pessoa que tenha respeito, mas n\u00e3o medo da imprensa. Uma pessoa que vote adequadamente sem ficar votando pela imprensa&#8221;, disse.<\/p>\n\n\n\n<p class=\"wp-block-paragraph\">O presidente afirmou que v\u00e1rios juristas est\u00e3o sendo analisados e que est\u00e1 em busca da &#8220;pessoa mais correta&#8221;.<\/p>\n\n\n\n<p class=\"wp-block-paragraph\">&#8220;N\u00e3o precisa perguntar essa quest\u00e3o de g\u00eanero ou de cor. No momento certo, voc\u00eas v\u00e3o saber quem que eu vou indicar. E eu preciso indicar a pessoa mais correta que eu conhecer e a pessoa que eu tenha mais f\u00e9 de que vai ser uma grande pessoa na Suprema Corte, que \u00e9 isso que o Brasil t\u00e1 precisando&#8221;, completou Lula.<\/p>\n","protected":false},"excerpt":{"rendered":"<p>Presidente da Rep\u00fablica pode indicar nos pr\u00f3ximos dias substitutos de Rosa Weber e de Augusto Aras<\/p>","protected":false},"author":3,"featured_media":16555,"comment_status":"open","ping_status":"open","sticky":false,"template":"","format":"standard","meta":{"_crdt_document":"","footnotes":""},"categories":[7],"tags":[],"class_list":["post-16567","post","type-post","status-publish","format-standard","has-post-thumbnail","hentry","category-politica"],"brizy_media":[],"_links":{"self":[{"href":"https:\/\/jornalcorporativo.com.br\/en\/wp-json\/wp\/v2\/posts\/16567","targetHints":{"allow":["GET"]}}],"collection":[{"href":"https:\/\/jornalcorporativo.com.br\/en\/wp-json\/wp\/v2\/posts"}],"about":[{"href":"https:\/\/jornalcorporativo.com.br\/en\/wp-json\/wp\/v2\/types\/post"}],"author":[{"embeddable":true,"href":"https:\/\/jornalcorporativo.com.br\/en\/wp-json\/wp\/v2\/users\/3"}],"replies":[{"embeddable":true,"href":"https:\/\/jornalcorporativo.com.br\/en\/wp-json\/wp\/v2\/comments?post=16567"}],"version-history":[{"count":0,"href":"https:\/\/jornalcorporativo.com.br\/en\/wp-json\/wp\/v2\/posts\/16567\/revisions"}],"wp:featuredmedia":[{"embeddable":true,"href":"https:\/\/jornalcorporativo.com.br\/en\/wp-json\/wp\/v2\/media\/16555"}],"wp:attachment":[{"href":"https:\/\/jornalcorporativo.com.br\/en\/wp-json\/wp\/v2\/media?parent=16567"}],"wp:term":[{"taxonomy":"category","embeddable":true,"href":"https:\/\/jornalcorporativo.com.br\/en\/wp-json\/wp\/v2\/categories?post=16567"},{"taxonomy":"post_tag","embeddable":true,"href":"https:\/\/jornalcorporativo.com.br\/en\/wp-json\/wp\/v2\/tags?post=16567"}],"curies":[{"name":"wp","href":"https:\/\/api.w.org\/{rel}","templated":true}]}}