{"id":16570,"date":"2023-09-25T17:49:00","date_gmt":"2023-09-25T20:49:00","guid":{"rendered":"https:\/\/jornalcorporativo.com.br\/?p=16570"},"modified":"2023-09-25T17:49:12","modified_gmt":"2023-09-25T20:49:12","slug":"encontro-reune-pesquisadores-de-15-paises-para-debater-o-uso-de-celulas-tronco","status":"publish","type":"post","link":"https:\/\/jornalcorporativo.com.br\/en\/brasil\/encontro-reune-pesquisadores-de-15-paises-para-debater-o-uso-de-celulas-tronco\/","title":{"rendered":"Encontro re\u00fane pesquisadores de 15 pa\u00edses para debater o uso de c\u00e9lulas-tronco"},"content":{"rendered":"<p class=\"wp-block-paragraph\">O empres\u00e1rio Kleber Lomonaco desconfiou que tinha algo errado quando percebeu que n\u00e3o sentia mais o cheiro dos alimentos. Ele, ent\u00e3o, fez exames e descobriu que estava com Doen\u00e7a de Parkinson, uma doen\u00e7a que afeta o sistema nervoso e prejudica os movimentos. Como a doen\u00e7a foi diagnosticada no come\u00e7o, o tratamento com rem\u00e9dios evitou complica\u00e7\u00f5es.<\/p>\n\n\n\n<p class=\"wp-block-paragraph\">&#8220;Com a medica\u00e7\u00e3o tomada assim regularmente, direitinho, mais os exerc\u00edcios, acho que tudo isso contribui para que eu tenha uma vida normal, que ele n\u00e3o me atrapalhe muito&#8221;, conta.<br>O trabalho com c\u00e9lulas-tronco da pesquisadora sueca Malin Parmar traz esperan\u00e7a para Kleber e muitos outros pacientes com Parkinson. \u00c9 que a equipe dela conseguiu substituti c\u00e9lulas doentes do c\u00e9rebro por outras novas e saud\u00e1veis.<\/p>\n\n\n\n<p class=\"wp-block-paragraph\">Ela explica que quando o Parkinson avan\u00e7a e os rem\u00e9dios v\u00e3o perdendo o efeito, as pesquisas s\u00e3o importantes para oferecer uma nova resposta. \u00c9 um jeito de tratar de doen\u00e7as que, hoje, ainda n\u00e3o t\u00eam cura. Por isso, ela diz, h\u00e1 tanta esperan\u00e7a nas c\u00e9lulas-tronco.<\/p>\n\n\n\n<p class=\"wp-block-paragraph\">As c\u00e9lulas-tronco t\u00eam potencial de recompor tecidos danificados no nosso corpo. Assim, elas auxiliam no tratamento de doen\u00e7as como Parkinson, Alzheimer, diabetes, c\u00e2ncer e problemas card\u00edacos.<\/p>\n\n\n\n<p class=\"wp-block-paragraph\">Encontro no Brasil<br>O Simp\u00f3sio da Sociedade Internacional de Pesquisas com C\u00e9lulas-Tronco re\u00fane, neste fim de semana, em Ribeir\u00e3o Preto (SP), duzentos dos melhores pesquisadores do mundo sobre o assunto.<br>O Centro de Terapia Celular do Hemocentro, em parceria com Hospital das Cl\u00ednicas e a Universidade de S\u00e3o Paulo (USP), \u00e9 o pioneiro no Brasil no transplante de medula \u00f3ssea para o tratamento de um tipo de anemia.<\/p>\n\n\n\n<p class=\"wp-block-paragraph\">Este transplante j\u00e1 \u00e9 feito de gra\u00e7a em Ribeir\u00e3o Preto, pelo Sistema \u00danico de Sa\u00fade (SUS). O conhecimento trazido agora pelos pesquisadores de outros pa\u00edses vai ajudar a ci\u00eancia brasileira a van\u00e7ar nas terapias com c\u00e9lulas-tronco.<\/p>\n\n\n\n<p class=\"wp-block-paragraph\">A professor Lygia Pereira, que tamb\u00e9m \u00e9 conselheira da Sociedade Internacional de Pesquisa com C\u00e9lulas-Tronco, explica que o simp\u00f3sio tem autores de pesquisas que v\u00e3o desde as teorias iniciais at\u00e9 a aplica\u00e7\u00e3o pr\u00e1tica das terapias em humanos.<\/p>","protected":false},"excerpt":{"rendered":"<p>Simp\u00f3sio realizado em Ribeir\u00e3o Preto, no interior de S\u00e3o Paulo, recebe 200 dos melhores pesquisadores do mundo<\/p>","protected":false},"author":3,"featured_media":16554,"comment_status":"open","ping_status":"open","sticky":false,"template":"","format":"standard","meta":{"_crdt_document":"","footnotes":""},"categories":[36],"tags":[],"class_list":["post-16570","post","type-post","status-publish","format-standard","has-post-thumbnail","hentry","category-brasil"],"brizy_media":[],"_links":{"self":[{"href":"https:\/\/jornalcorporativo.com.br\/en\/wp-json\/wp\/v2\/posts\/16570","targetHints":{"allow":["GET"]}}],"collection":[{"href":"https:\/\/jornalcorporativo.com.br\/en\/wp-json\/wp\/v2\/posts"}],"about":[{"href":"https:\/\/jornalcorporativo.com.br\/en\/wp-json\/wp\/v2\/types\/post"}],"author":[{"embeddable":true,"href":"https:\/\/jornalcorporativo.com.br\/en\/wp-json\/wp\/v2\/users\/3"}],"replies":[{"embeddable":true,"href":"https:\/\/jornalcorporativo.com.br\/en\/wp-json\/wp\/v2\/comments?post=16570"}],"version-history":[{"count":0,"href":"https:\/\/jornalcorporativo.com.br\/en\/wp-json\/wp\/v2\/posts\/16570\/revisions"}],"wp:featuredmedia":[{"embeddable":true,"href":"https:\/\/jornalcorporativo.com.br\/en\/wp-json\/wp\/v2\/media\/16554"}],"wp:attachment":[{"href":"https:\/\/jornalcorporativo.com.br\/en\/wp-json\/wp\/v2\/media?parent=16570"}],"wp:term":[{"taxonomy":"category","embeddable":true,"href":"https:\/\/jornalcorporativo.com.br\/en\/wp-json\/wp\/v2\/categories?post=16570"},{"taxonomy":"post_tag","embeddable":true,"href":"https:\/\/jornalcorporativo.com.br\/en\/wp-json\/wp\/v2\/tags?post=16570"}],"curies":[{"name":"wp","href":"https:\/\/api.w.org\/{rel}","templated":true}]}}