{"id":16592,"date":"2023-09-26T18:57:09","date_gmt":"2023-09-26T21:57:09","guid":{"rendered":"https:\/\/jornalcorporativo.com.br\/?p=16592"},"modified":"2023-09-26T18:57:14","modified_gmt":"2023-09-26T21:57:14","slug":"biden-e-o-primeiro-presidente-a-participar-de-piquete","status":"publish","type":"post","link":"https:\/\/jornalcorporativo.com.br\/en\/internacional\/biden-e-o-primeiro-presidente-a-participar-de-piquete\/","title":{"rendered":"Biden \u00e9 o primeiro presidente a participar de piquete"},"content":{"rendered":"<p class=\"wp-block-paragraph\">O presidente Joe Biden visitou, nesta ter\u00e7a-feira (26), oper\u00e1rios grevistas da ind\u00fastria automotiva em na cidade de Bellville, no estado de Michigan, nos Estados Unidos, o ber\u00e7o dessa ind\u00fastria.<\/p>\n\n\n\n<p class=\"wp-block-paragraph\">Ele se tornou o primeiro presidente em exerc\u00edcio nos EUA a visitar grevistas e a participar de um piquete. Os trabalhadores automotivos fazem uma greve hist\u00f3rica da qual participam funcion\u00e1rios de tr\u00eas grandes empresas do setor: General Motors, Ford e Stellantis.<\/p>\n\n\n\n<p class=\"wp-block-paragraph\">&#8220;\u00c9 um apoio muito importante, porque acredita naquilo pelo que lutamos. Isso me enche de orgulho&#8221;, disse um dos trabalhadores, Patrick Small.<\/p>\n\n\n\n<p class=\"wp-block-paragraph\">Para ele, o sindicato UAW do setor deve apoiar o presidente nas elei\u00e7\u00f5es do ano que vem.<\/p>\n\n\n\n<p class=\"wp-block-paragraph\">Trump tamb\u00e9m deve visitar grevistas<br>Ao visitar o local na ter\u00e7a-feira, Biden abriu vantagem em rela\u00e7\u00e3o ao ex-presidente Donald Trump, que deve ir ao mesmo estado na quarta-feira para fazer campanha entre os trabalhadores. Ambos j\u00e1 fazem atos de campanha para as elei\u00e7\u00f5es presidencial dos EUA, no ano que vem.<br>Trump anunciou sua viagem antes da de Biden, e agora afirma que o presidente est\u00e1 copiando. Seu porta-voz, Jason Miller, afirmou que a visita de Biden \u00e9 &#8220;uma sess\u00e3o de fotos&#8221;.<\/p>\n\n\n\n<p class=\"wp-block-paragraph\">A Casa Branca nega que a ideia de Trump tenha influenciado a decis\u00e3o do presidente.<\/p>\n\n\n\n<p class=\"wp-block-paragraph\">&#8216;Pr\u00f3-sindicatos&#8217;<br>Para Biden, o desafio \u00e9 provar que ele \u00e9 o defensor dos trabalhadores, dos sindicatos e o arquiteto do ressurgimento da ind\u00fastria americana.<\/p>\n\n\n\n<p class=\"wp-block-paragraph\">&#8220;Sua viagem mostrar\u00e1 que ele \u00e9 o presidente mais &#8216;pr\u00f3-sindicatos&#8217; da hist\u00f3ria&#8221; dos EUA, disse sua porta-voz, Karine Jean-Pierre, na segunda-feira.<\/p>\n\n\n\n<p class=\"wp-block-paragraph\">A viagem tem seus riscos para o presidente de 80, que a cada viagem recebe questionamentos sobre sua condi\u00e7\u00e3o f\u00edsica.<\/p>\n\n\n\n<p class=\"wp-block-paragraph\">C\u00e1lculo pol\u00edtico<br>O conflito entre trabalhadores e empregadores nesta ind\u00fastria-chave pode atingir a economia dos EUA.<\/p>\n\n\n\n<p class=\"wp-block-paragraph\">Biden afirmou que as montadoras deveriam beneficiar seus empregados ao registrarem &#8220;lucros recordes&#8221;.<\/p>","protected":false},"excerpt":{"rendered":"<p>Ao visitar o local, Biden abriu vantagem em rela\u00e7\u00e3o a Trump, que ir\u00e1 ao mesmo estado na quarta-feira cortejar os trabalhadores<\/p>","protected":false},"author":3,"featured_media":16584,"comment_status":"open","ping_status":"open","sticky":false,"template":"","format":"standard","meta":{"_crdt_document":"","footnotes":""},"categories":[2],"tags":[],"class_list":["post-16592","post","type-post","status-publish","format-standard","has-post-thumbnail","hentry","category-internacional"],"brizy_media":[],"_links":{"self":[{"href":"https:\/\/jornalcorporativo.com.br\/en\/wp-json\/wp\/v2\/posts\/16592","targetHints":{"allow":["GET"]}}],"collection":[{"href":"https:\/\/jornalcorporativo.com.br\/en\/wp-json\/wp\/v2\/posts"}],"about":[{"href":"https:\/\/jornalcorporativo.com.br\/en\/wp-json\/wp\/v2\/types\/post"}],"author":[{"embeddable":true,"href":"https:\/\/jornalcorporativo.com.br\/en\/wp-json\/wp\/v2\/users\/3"}],"replies":[{"embeddable":true,"href":"https:\/\/jornalcorporativo.com.br\/en\/wp-json\/wp\/v2\/comments?post=16592"}],"version-history":[{"count":0,"href":"https:\/\/jornalcorporativo.com.br\/en\/wp-json\/wp\/v2\/posts\/16592\/revisions"}],"wp:featuredmedia":[{"embeddable":true,"href":"https:\/\/jornalcorporativo.com.br\/en\/wp-json\/wp\/v2\/media\/16584"}],"wp:attachment":[{"href":"https:\/\/jornalcorporativo.com.br\/en\/wp-json\/wp\/v2\/media?parent=16592"}],"wp:term":[{"taxonomy":"category","embeddable":true,"href":"https:\/\/jornalcorporativo.com.br\/en\/wp-json\/wp\/v2\/categories?post=16592"},{"taxonomy":"post_tag","embeddable":true,"href":"https:\/\/jornalcorporativo.com.br\/en\/wp-json\/wp\/v2\/tags?post=16592"}],"curies":[{"name":"wp","href":"https:\/\/api.w.org\/{rel}","templated":true}]}}