{"id":16708,"date":"2023-10-04T17:04:47","date_gmt":"2023-10-04T20:04:47","guid":{"rendered":"https:\/\/jornalcorporativo.com.br\/?p=16708"},"modified":"2023-10-04T17:04:51","modified_gmt":"2023-10-04T20:04:51","slug":"copa-do-mundo-sera-em-espanha-portugal-e-marrocos-com-abertura-no-uruguai","status":"publish","type":"post","link":"https:\/\/jornalcorporativo.com.br\/en\/esportes\/copa-do-mundo-sera-em-espanha-portugal-e-marrocos-com-abertura-no-uruguai\/","title":{"rendered":"Copa do Mundo ser\u00e1 em Espanha, Portugal e Marrocos, com abertura no Uruguai"},"content":{"rendered":"<p class=\"wp-block-paragraph\">A Copa do Mundo de 2030 ter\u00e1 um formato in\u00e9dito e ser\u00e1 disputada pela primeira vez em tr\u00eas continentes. As sedes principais ser\u00e3o os vizinhos Espanha, Portugal e Marrocos, mas o jogo de abertura ser\u00e1 em Montevid\u00e9u, no Uruguai, como homenagem \u00e0 primeira edi\u00e7\u00e3o do Mundial, disputado em 1930. Tamb\u00e9m haver\u00e1 jogos da primeira rodada na Argentina e no Paraguai.<\/p>\n\n\n\n<p class=\"wp-block-paragraph\">Ap\u00f3s os primeiros jogos na Am\u00e9rica do Sul, as demais partidas do torneio ser\u00e3o do outro lado do Oceano Atl\u00e2ntico, divididos nos pa\u00edses europeu e no africano. A decis\u00e3o foi tomada nesta quarta-feira, pelo Conselho da Fifa, que, segundo comunicado da entidade, &#8220;concordou por unanimidade&#8221; que a \u00fanica candidatura na briga para sediar o Mundial de 2030 seria a portuguesa, espanhola e marroquina.<\/p>\n\n\n\n<p class=\"wp-block-paragraph\">As tr\u00eas sedes principais ainda ser\u00e3o ratificadas no Congresso da Fifa, no ano que vem, a depender da conclus\u00e3o com sucesso do processo de candidatura. A decis\u00e3o de fazer os primeiros jogos na Am\u00e9rica do Sul tamb\u00e9m foi aprovada por unanimidade.<\/p>\n\n\n\n<ul class=\"wp-block-list\">\n<li>Num mundo dividido, a Fifa e o futebol est\u00e3o se unindo. O Conselho da Fifa, representando todo o mundo do futebol, concordou por unanimidade em comemorar o centen\u00e1rio da Copa do Mundo, cuja primeira edi\u00e7\u00e3o foi disputada no Uruguai em 1930, da forma mais adequada. Como resultado, uma celebra\u00e7\u00e3o acontecer\u00e1 na Am\u00e9rica do Sul e tr\u00eas pa\u00edses sul-americanos &#8211; Uruguai, Argentina e Paraguai &#8211; organizar\u00e3o uma partida cada na Copa do Mundo de 2030. A primeira dessas tr\u00eas partidas ser\u00e1, obviamente, disputada no est\u00e1dio onde tudo come\u00e7ou, no m\u00edtico Est\u00e1dio Centen\u00e1rio de Montevid\u00e9u, justamente para comemorar a edi\u00e7\u00e3o centen\u00e1ria da Copa do Mundo &#8211; disse o presidente da Fifa, Gianni Infantino.<\/li>\n<\/ul>\n\n\n\n<p class=\"wp-block-paragraph\">Presidente da Conmebol antecipa an\u00fancio<br>Antes de ser oficializada pela Fifa, entretanto, a informa\u00e7\u00e3o foi revelada em entrevista coletiva pelo presidente da Conmebol, Alejandro Dom\u00ednguez. A Fifa pretendia anunciar a sede da Copa de 2030 apenas em outubro do ano que vem, mas tanto Dom\u00ednguez quanto o presidente da federa\u00e7\u00e3o paraguaia de futebol, Robert Harrison, afirmaram abertamente que o Mundial ser\u00e1 dividido.<\/p>","protected":false},"excerpt":{"rendered":"<p>Argentina e Paraguai tamb\u00e9m v\u00e3o receber partidas da primeira rodada, como homenagem ao centen\u00e1rio da primeira Copa<\/p>","protected":false},"author":3,"featured_media":16714,"comment_status":"open","ping_status":"open","sticky":false,"template":"","format":"standard","meta":{"_crdt_document":"","footnotes":""},"categories":[6],"tags":[],"class_list":["post-16708","post","type-post","status-publish","format-standard","has-post-thumbnail","hentry","category-esportes"],"brizy_media":[],"_links":{"self":[{"href":"https:\/\/jornalcorporativo.com.br\/en\/wp-json\/wp\/v2\/posts\/16708","targetHints":{"allow":["GET"]}}],"collection":[{"href":"https:\/\/jornalcorporativo.com.br\/en\/wp-json\/wp\/v2\/posts"}],"about":[{"href":"https:\/\/jornalcorporativo.com.br\/en\/wp-json\/wp\/v2\/types\/post"}],"author":[{"embeddable":true,"href":"https:\/\/jornalcorporativo.com.br\/en\/wp-json\/wp\/v2\/users\/3"}],"replies":[{"embeddable":true,"href":"https:\/\/jornalcorporativo.com.br\/en\/wp-json\/wp\/v2\/comments?post=16708"}],"version-history":[{"count":0,"href":"https:\/\/jornalcorporativo.com.br\/en\/wp-json\/wp\/v2\/posts\/16708\/revisions"}],"wp:featuredmedia":[{"embeddable":true,"href":"https:\/\/jornalcorporativo.com.br\/en\/wp-json\/wp\/v2\/media\/16714"}],"wp:attachment":[{"href":"https:\/\/jornalcorporativo.com.br\/en\/wp-json\/wp\/v2\/media?parent=16708"}],"wp:term":[{"taxonomy":"category","embeddable":true,"href":"https:\/\/jornalcorporativo.com.br\/en\/wp-json\/wp\/v2\/categories?post=16708"},{"taxonomy":"post_tag","embeddable":true,"href":"https:\/\/jornalcorporativo.com.br\/en\/wp-json\/wp\/v2\/tags?post=16708"}],"curies":[{"name":"wp","href":"https:\/\/api.w.org\/{rel}","templated":true}]}}