{"id":16720,"date":"2023-10-04T17:06:55","date_gmt":"2023-10-04T20:06:55","guid":{"rendered":"https:\/\/jornalcorporativo.com.br\/?p=16720"},"modified":"2023-10-04T17:06:59","modified_gmt":"2023-10-04T20:06:59","slug":"presidente-da-camara-dos-eua-e-derrubado","status":"publish","type":"post","link":"https:\/\/jornalcorporativo.com.br\/en\/internacional\/presidente-da-camara-dos-eua-e-derrubado\/","title":{"rendered":"Presidente da C\u00e2mara dos EUA \u00e9 derrubado"},"content":{"rendered":"<p class=\"wp-block-paragraph\">A C\u00e2mara dos Deputados dos Estados Unidos derrubou o presidente da Casa, Kevin McCarthy, na ter\u00e7a-feira (3). Com a sa\u00edda do norte-americano, que \u00e9 integrante do Partido Republicano, a Casa ficar\u00e1 paralisada at\u00e9 que um sucessor seja escolhido.<\/p>\n\n\n\n<p class=\"wp-block-paragraph\">Esta \u00e9 a primeira vez na hist\u00f3ria dos Estados Unidos que o presidente da C\u00e2mara do pa\u00eds \u00e9 derrubado. Em 1910, os deputados tentaram tirar o l\u00edder da Casa do cargo, mas o n\u00famero de votos n\u00e3o foi o suficiente.<\/p>\n\n\n\n<p class=\"wp-block-paragraph\">Nos pr\u00f3ximos dias, os deputados precisar\u00e3o eleger um novo presidente entre os candidatos que ser\u00e3o indicados pelos partidos.<\/p>\n\n\n\n<p class=\"wp-block-paragraph\">Enquanto isso n\u00e3o acontece, o republicano Patrick McHenry atuar\u00e1 como interino. O deputado foi escolhido a partir de uma lista de poss\u00edveis sucessores apresentada por McCarthy quando foi eleito, em janeiro.<\/p>\n\n\n\n<p class=\"wp-block-paragraph\">&#8220;Antes de proceder \u00e0 elei\u00e7\u00e3o de um orador, seria prudente, primeiro, fazer um recesso para que as respectivas conven\u00e7\u00f5es e confer\u00eancias se reunissem e discutissem o caminho a seguir&#8221;, disse McHenry no fim da sess\u00e3o de ter\u00e7a.<br>Sucessor incerto<br>No atual cen\u00e1rio, n\u00e3o est\u00e1 claro quem tem chances de ocupar o cargo na presid\u00eancia da C\u00e2mara. Os republicanos t\u00eam uma pequena maioria de 221 a 212 na Casa, mas isso n\u00e3o significa que os deputados do partido tenham uma mesma opini\u00e3o.<\/p>\n\n\n\n<p class=\"wp-block-paragraph\">Em janeiro, foram necess\u00e1rias 15 rodadas de vota\u00e7\u00e3o para McCarthy garantir o apoio de seus colegas mais conservadores \u2014 o que ele s\u00f3 conseguiu depois de fazer uma s\u00e9rie de concess\u00f5es. E, na ter\u00e7a, oito deputados do Partido Republicano votaram para derrubar o presidente da Casa, um movimento crucial para destitui\u00e7\u00e3o de McCarthy.<\/p>\n\n\n\n<p class=\"wp-block-paragraph\">Se quisesse, o republicano poderia concorrer \u00e0 presid\u00eancia da Casa novamente, mas isso n\u00e3o est\u00e1 em seus planos, segundo disse \u00e0 imprensa.<\/p>\n\n\n\n<p class=\"wp-block-paragraph\">E agora?<br>A C\u00e2mara dos Deputados agora est\u00e1 sem lideran\u00e7a. Isso significa que a Casa ficar\u00e1 paralisada at\u00e9 que um novo presidente seja eleito.<\/p>\n\n\n\n<p class=\"wp-block-paragraph\">Patrick McHenry foi escolhido como interino, mas a fun\u00e7\u00e3o dele \u00e9 essencialmente comandar o processo para a escolha de um novo presidente.<\/p>","protected":false},"excerpt":{"rendered":"<p>Com a sa\u00edda do norte-americano, que \u00e9 integrante do Partido Republicano, a Casa ficar\u00e1 paralisada at\u00e9 que um sucessor seja escolhido<\/p>","protected":false},"author":3,"featured_media":16712,"comment_status":"open","ping_status":"open","sticky":false,"template":"","format":"standard","meta":{"_crdt_document":"","footnotes":""},"categories":[2],"tags":[],"class_list":["post-16720","post","type-post","status-publish","format-standard","has-post-thumbnail","hentry","category-internacional"],"brizy_media":[],"_links":{"self":[{"href":"https:\/\/jornalcorporativo.com.br\/en\/wp-json\/wp\/v2\/posts\/16720","targetHints":{"allow":["GET"]}}],"collection":[{"href":"https:\/\/jornalcorporativo.com.br\/en\/wp-json\/wp\/v2\/posts"}],"about":[{"href":"https:\/\/jornalcorporativo.com.br\/en\/wp-json\/wp\/v2\/types\/post"}],"author":[{"embeddable":true,"href":"https:\/\/jornalcorporativo.com.br\/en\/wp-json\/wp\/v2\/users\/3"}],"replies":[{"embeddable":true,"href":"https:\/\/jornalcorporativo.com.br\/en\/wp-json\/wp\/v2\/comments?post=16720"}],"version-history":[{"count":0,"href":"https:\/\/jornalcorporativo.com.br\/en\/wp-json\/wp\/v2\/posts\/16720\/revisions"}],"wp:featuredmedia":[{"embeddable":true,"href":"https:\/\/jornalcorporativo.com.br\/en\/wp-json\/wp\/v2\/media\/16712"}],"wp:attachment":[{"href":"https:\/\/jornalcorporativo.com.br\/en\/wp-json\/wp\/v2\/media?parent=16720"}],"wp:term":[{"taxonomy":"category","embeddable":true,"href":"https:\/\/jornalcorporativo.com.br\/en\/wp-json\/wp\/v2\/categories?post=16720"},{"taxonomy":"post_tag","embeddable":true,"href":"https:\/\/jornalcorporativo.com.br\/en\/wp-json\/wp\/v2\/tags?post=16720"}],"curies":[{"name":"wp","href":"https:\/\/api.w.org\/{rel}","templated":true}]}}