{"id":16723,"date":"2023-10-04T17:07:36","date_gmt":"2023-10-04T20:07:36","guid":{"rendered":"https:\/\/jornalcorporativo.com.br\/?p=16723"},"modified":"2023-10-04T17:07:40","modified_gmt":"2023-10-04T20:07:40","slug":"stf-determina-que-governos-elaborem-plano-para-melhorar-o-sistema-prisional","status":"publish","type":"post","link":"https:\/\/jornalcorporativo.com.br\/en\/politica\/stf-determina-que-governos-elaborem-plano-para-melhorar-o-sistema-prisional\/","title":{"rendered":"STF determina que governos elaborem plano para melhorar o sistema prisional"},"content":{"rendered":"<p class=\"wp-block-paragraph\">O Supremo Tribunal Federal (STF) decidiu por unanimidade, nesta quarta-feira (4), que os governos federal e estaduais devem fazer planos para combater problemas no sistema carcer\u00e1rio.<\/p>\n\n\n\n<p class=\"wp-block-paragraph\">Em \u00e2mbito federal, a medida deve ser cumprida em um prazo de seis meses, a contar da publica\u00e7\u00e3o da decis\u00e3o. J\u00e1 os planos estaduais e distrital ser\u00e3o sugeridos em at\u00e9 seis meses ap\u00f3s a homologa\u00e7\u00e3o do cronograma nacional.<\/p>\n\n\n\n<p class=\"wp-block-paragraph\">De acordo com a determina\u00e7\u00e3o, os planos tamb\u00e9m v\u00e3o passar por valida\u00e7\u00e3o do Supremo e, ap\u00f3s essa etapa, devem ser implementados em um prazo de tr\u00eas anos.<\/p>\n\n\n\n<p class=\"wp-block-paragraph\">Os ministros consideraram que h\u00e1 um &#8220;estado de coisas inconstitucional&#8221; no sistema penitenci\u00e1rio. Com a declara\u00e7\u00e3o, o tribunal reconhece que h\u00e1 viola\u00e7\u00e3o sistem\u00e1tica e massiva de direitos dos presos. Pode, ent\u00e3o, estabelecer que o poder p\u00fablico tome provid\u00eancias.<\/p>\n\n\n\n<p class=\"wp-block-paragraph\">&#8220;Esse \u00e9 um tema de dif\u00edcil solu\u00e7\u00e3o em toda parte do mundo. N\u00e3o h\u00e1 uma solu\u00e7\u00e3o perfeita, nem creio que com essa decis\u00e3o se consigam resolver todos os problemas. Mas espero que seja um passo relevante para melhorar, minimamente que seja, as condi\u00e7\u00f5es degradantes do sistema prisional brasileiro&#8221;, disse o presidente Lu\u00eds Roberto Barroso ao final do julgamento.<\/p>\n\n\n\n<p class=\"wp-block-paragraph\">Posi\u00e7\u00e3o un\u00e2nime<br>A posi\u00e7\u00e3o que se tornou un\u00e2nime conta com as propostas do relator, ministro Marco Aur\u00e9lio Mello (aposentado), e do ministro Lu\u00eds Roberto Barroso, presidente da Corte.<br>Mello j\u00e1 tinha apresentado voto em 2021, na linha de reconhecer a viola\u00e7\u00e3o de direitos humanos e determinar medidas \u00e0 Justi\u00e7a.<\/p>\n\n\n\n<p class=\"wp-block-paragraph\">Em rela\u00e7\u00e3o ao relator, Barroso sugeriu prazos maiores para os planos federal e estaduais, al\u00e9m de outras medidas n\u00e3o previstas inicialmente por Marco Aur\u00e9lio Mello \u2013 como a participa\u00e7\u00e3o do Conselho Nacional de Justi\u00e7a (CNJ) na elabora\u00e7\u00e3o da proposta e a necessidade de homologa\u00e7\u00e3o pelo STF, al\u00e9m do monitoramento do cumprimento pelo CNJ.<\/p>\n\n\n\n<p class=\"wp-block-paragraph\">Os planos dos governos dever\u00e3o contar com medidas como controle de superlota\u00e7\u00e3o dos pres\u00eddios, por meio de mutir\u00f5es que examinem processos de execu\u00e7\u00e3o de pena; aprimoramento da infraestrutura dos pres\u00eddios, e controle da entrada e sa\u00edda de detentos.<\/p>","protected":false},"excerpt":{"rendered":"<p>Ministros conclu\u00edram que h\u00e1 &#8216;estado de coisas inconstitucional&#8217; nos pres\u00eddios, com viola\u00e7\u00e3o dos direitos humanos<\/p>","protected":false},"author":3,"featured_media":16711,"comment_status":"open","ping_status":"open","sticky":false,"template":"","format":"standard","meta":{"_crdt_document":"","footnotes":""},"categories":[7],"tags":[],"class_list":["post-16723","post","type-post","status-publish","format-standard","has-post-thumbnail","hentry","category-politica"],"brizy_media":[],"_links":{"self":[{"href":"https:\/\/jornalcorporativo.com.br\/en\/wp-json\/wp\/v2\/posts\/16723","targetHints":{"allow":["GET"]}}],"collection":[{"href":"https:\/\/jornalcorporativo.com.br\/en\/wp-json\/wp\/v2\/posts"}],"about":[{"href":"https:\/\/jornalcorporativo.com.br\/en\/wp-json\/wp\/v2\/types\/post"}],"author":[{"embeddable":true,"href":"https:\/\/jornalcorporativo.com.br\/en\/wp-json\/wp\/v2\/users\/3"}],"replies":[{"embeddable":true,"href":"https:\/\/jornalcorporativo.com.br\/en\/wp-json\/wp\/v2\/comments?post=16723"}],"version-history":[{"count":0,"href":"https:\/\/jornalcorporativo.com.br\/en\/wp-json\/wp\/v2\/posts\/16723\/revisions"}],"wp:featuredmedia":[{"embeddable":true,"href":"https:\/\/jornalcorporativo.com.br\/en\/wp-json\/wp\/v2\/media\/16711"}],"wp:attachment":[{"href":"https:\/\/jornalcorporativo.com.br\/en\/wp-json\/wp\/v2\/media?parent=16723"}],"wp:term":[{"taxonomy":"category","embeddable":true,"href":"https:\/\/jornalcorporativo.com.br\/en\/wp-json\/wp\/v2\/categories?post=16723"},{"taxonomy":"post_tag","embeddable":true,"href":"https:\/\/jornalcorporativo.com.br\/en\/wp-json\/wp\/v2\/tags?post=16723"}],"curies":[{"name":"wp","href":"https:\/\/api.w.org\/{rel}","templated":true}]}}