{"id":16729,"date":"2023-10-04T17:09:18","date_gmt":"2023-10-04T20:09:18","guid":{"rendered":"https:\/\/jornalcorporativo.com.br\/?p=16729"},"modified":"2023-10-04T17:09:23","modified_gmt":"2023-10-04T20:09:23","slug":"apesar-da-seca-no-norte-conta-de-luz-deve-seguir-sem-cobranca-extra-ate-dezembro","status":"publish","type":"post","link":"https:\/\/jornalcorporativo.com.br\/en\/economia\/apesar-da-seca-no-norte-conta-de-luz-deve-seguir-sem-cobranca-extra-ate-dezembro\/","title":{"rendered":"Apesar da seca no Norte, conta de luz deve seguir sem cobran\u00e7a extra at\u00e9 dezembro"},"content":{"rendered":"\n<p class=\"wp-block-paragraph\">O diretor-geral da Ag\u00eancia Nacional de Energia El\u00e9trica (Aneel), Sandoval Feitosa, afirmou em entrevista que a bandeira verde na conta de luz deve continuar em vigor at\u00e9 o final de 2023, apesar da seca na regi\u00e3o Norte. Ou seja, n\u00e3o haver\u00e1 cobran\u00e7a extra.<\/p>\n\n\n\n<p class=\"wp-block-paragraph\">A situa\u00e7\u00e3o do Norte gera preocupa\u00e7\u00e3o, porque algumas importantes hidrel\u00e9tricas est\u00e3o na regi\u00e3o.<\/p>\n\n\n\n<p class=\"wp-block-paragraph\">\u201cEm outubro, j\u00e1 anunciamos que a bandeira ser\u00e1 verde. Em novembro [tamb\u00e9m], se o per\u00edodo \u00famido continuar, e j\u00e1 come\u00e7amos a perceber a sinaliza\u00e7\u00e3o das chuvas. Ent\u00e3o, provavelmente permanecer\u00e1 verde tamb\u00e9m em novembro e dezembro, mantendo as expectativas que a Aneel sinalizou\u201d, declarou.<br>Contudo, para 2024, Feitosa destaca que a Aneel dever\u00e1 acompanhar duas vari\u00e1veis:<br>Como ser\u00e1 o comportamento do per\u00edodo \u00famido &#8211;de novembro a abril, em que h\u00e1 mais incid\u00eancia de chuvas;<br>Como ser\u00e1 o crescimento da demanda por energia, que est\u00e1 associada ao desempenho da economia.<\/p>\n\n\n\n<p class=\"wp-block-paragraph\">\u201cSe chover bem, provavelmente n\u00e3o teremos o acionamento de bandeiras. Mas, de novo, teremos de acompanhar o fim do per\u00edodo \u00famido [e] como vai acontecer o crescimento da carga. E apenas ali no final do per\u00edodo \u00famido, em meados de maio \u2013quando inicia o per\u00edodo seco&#8211;, \u00e9 que poderemos ter uma radiografia de como a bandeira vai se comportar at\u00e9 o final do ano de 2024\u201d, declarou.<\/p>\n\n\n\n<p class=\"wp-block-paragraph\">O sistema de bandeiras tarif\u00e1rias sinaliza o custo da gera\u00e7\u00e3o de energia. Quando os reservat\u00f3rios das usinas hidrel\u00e9tricas est\u00e3o altos, n\u00e3o \u00e9 necess\u00e1rio acionar usinas termel\u00e9tricas, que s\u00e3o mais caras.<\/p>\n\n\n\n<p class=\"wp-block-paragraph\">Nesses casos, o custo de gera\u00e7\u00e3o de energia aumenta e a Aneel pode acionar as bandeiras amarela ou vermelha patamar 1 ou 2 \u2013 que representam um custo maior ao consumidor. A bandeira verde est\u00e1 em vigor desde 16 de abril de 2022.<\/p>\n\n\n\n<p class=\"wp-block-paragraph\">Acionamento de termel\u00e9tricas<br>Depois de reuni\u00e3o sobre a situa\u00e7\u00e3o no Norte, na tarde de ter\u00e7a-feira (3), o vice-presidente e ministro do Desenvolvimento, Geraldo Alckmin, confirmou a possibilidade de acionar usinas termel\u00e9tricas a \u00f3leo combust\u00edvel para suprir a demanda na regi\u00e3o.<\/p>\n\n\n\n<p class=\"wp-block-paragraph\">Isso porque a seca tem prejudicado a gera\u00e7\u00e3o de energia em usinas a fio d\u2019\u00e1gua &#8211;que n\u00e3o contam com reservat\u00f3rios. Na segunda-feira (2), a usina hidrel\u00e9trica de Santo Ant\u00f4nio, em Porto Velho (RO), foi desativada por conta da baixa vaz\u00e3o de \u00e1gua.<\/p>\n\n\n\n<p class=\"wp-block-paragraph\">\u201cO acionamento dessa gera\u00e7\u00e3o t\u00e9rmica que est\u00e1 sendo avaliada e citada ser\u00e1 para a\u00e7\u00f5es pontuais dentro do sistema brasileiro. Ou seja, diria que para atender necessidades el\u00e9tricas. H\u00e1 uma quest\u00e3o na regi\u00e3o Acre e Rond\u00f4nia em fun\u00e7\u00e3o da paralisa\u00e7\u00e3o da usina de Santo Ant\u00f4nio, eventualmente alguma outra regi\u00e3o do pa\u00eds, mas estruturalmente isso n\u00e3o trar\u00e1 impactos energ\u00e9ticos\u201d, declarou o diretor-geral da Aneel.<\/p>\n","protected":false},"excerpt":{"rendered":"<p>Sandoval Feitosa diz que eventual acionamento de termel\u00e9tricas n\u00e3o deve afetar bandeiras tarif\u00e1rias<\/p>","protected":false},"author":3,"featured_media":16709,"comment_status":"open","ping_status":"open","sticky":false,"template":"","format":"standard","meta":{"_crdt_document":"","footnotes":""},"categories":[4],"tags":[],"class_list":["post-16729","post","type-post","status-publish","format-standard","has-post-thumbnail","hentry","category-economia"],"brizy_media":[],"_links":{"self":[{"href":"https:\/\/jornalcorporativo.com.br\/en\/wp-json\/wp\/v2\/posts\/16729","targetHints":{"allow":["GET"]}}],"collection":[{"href":"https:\/\/jornalcorporativo.com.br\/en\/wp-json\/wp\/v2\/posts"}],"about":[{"href":"https:\/\/jornalcorporativo.com.br\/en\/wp-json\/wp\/v2\/types\/post"}],"author":[{"embeddable":true,"href":"https:\/\/jornalcorporativo.com.br\/en\/wp-json\/wp\/v2\/users\/3"}],"replies":[{"embeddable":true,"href":"https:\/\/jornalcorporativo.com.br\/en\/wp-json\/wp\/v2\/comments?post=16729"}],"version-history":[{"count":0,"href":"https:\/\/jornalcorporativo.com.br\/en\/wp-json\/wp\/v2\/posts\/16729\/revisions"}],"wp:featuredmedia":[{"embeddable":true,"href":"https:\/\/jornalcorporativo.com.br\/en\/wp-json\/wp\/v2\/media\/16709"}],"wp:attachment":[{"href":"https:\/\/jornalcorporativo.com.br\/en\/wp-json\/wp\/v2\/media?parent=16729"}],"wp:term":[{"taxonomy":"category","embeddable":true,"href":"https:\/\/jornalcorporativo.com.br\/en\/wp-json\/wp\/v2\/categories?post=16729"},{"taxonomy":"post_tag","embeddable":true,"href":"https:\/\/jornalcorporativo.com.br\/en\/wp-json\/wp\/v2\/tags?post=16729"}],"curies":[{"name":"wp","href":"https:\/\/api.w.org\/{rel}","templated":true}]}}