{"id":16774,"date":"2023-10-10T17:53:32","date_gmt":"2023-10-10T20:53:32","guid":{"rendered":"https:\/\/jornalcorporativo.com.br\/?p=16774"},"modified":"2023-10-10T17:53:36","modified_gmt":"2023-10-10T20:53:36","slug":"ser-melhor-do-que-os-outros-e-que-nos-mesmos-diz-tite-sobre-flamengo","status":"publish","type":"post","link":"https:\/\/jornalcorporativo.com.br\/en\/esportes\/ser-melhor-do-que-os-outros-e-que-nos-mesmos-diz-tite-sobre-flamengo\/","title":{"rendered":"&#8220;Ser melhor do que os outros e que n\u00f3s mesmos&#8221;, diz Tite sobre Flamengo"},"content":{"rendered":"<p class=\"wp-block-paragraph\">Em seu primeiro dia de Ninho do Urubu, Tite falou pela primeira vez como treinador do Flamengo aos canais oficiais do clube. Destacou a estrutura do Rubro-Negro e n\u00e3o escondeu o orgulho de vestir vermelho e preto.<\/p>\n\n\n\n<ul class=\"wp-block-list\">\n<li>Orgulho, uma responsabilidade muito grande e um desafio profissional. A estrutura te permite toda a qualidade de trabalho poss\u00edvel. De alto n\u00edvel como o Flamengo exige. Espero poder fazer esse trabalho de forma conjunta. O ga\u00facho de 62 anos colocou como objetivo que o Flamengo seja melhor do que os outros e que seja tamb\u00e9m superior ao pr\u00f3prio Flamengo nos pr\u00f3ximos dias de trabalho.<\/li>\n\n\n\n<li>Que eu tenha a capacidade do Tite enquanto profissional, mas antes do Adenor, enquanto pessoa, de poder represent\u00e1-los. A dignidade, a for\u00e7a e o trabalho para que a gente possa merecer o sucesso. Ser melhor que os outros \u00e9 o nosso objetivo. Ser melhor que n\u00f3s mesmos talvez seja melhor ainda.<\/li>\n<\/ul>\n\n\n\n<p class=\"wp-block-paragraph\">A primeira sess\u00e3o de treinamento do Flamengo sob comando de Tite est\u00e1 marcada para o per\u00edodo da tarde, mas o treinador chegou cedo ao Ninho do Urubu para come\u00e7ar a conhecer os processos e as din\u00e2micas praticadas no CT.<\/p>\n\n\n\n<p class=\"wp-block-paragraph\">T\u00e9cnico da sele\u00e7\u00e3o de 2017 a 2022, Tite foi anunciado oficialmente pelo Rubro-Negro na noite de segunda-feira, quando assinou contrato v\u00e1lido com o clube at\u00e9 dezembro de 2024.<br>Treinador leva consigo para o clube outros cinco profissionais que trabalharam com ele na sele\u00e7\u00e3o brasileira. S\u00e3o eles os auxiliares C\u00e9sar Sampaio, Cl\u00e9ber Xavier e Matheus Bacchi, o preparador f\u00edsico F\u00e1bio Mahseredjian e o analista Lucas Oliveira.<\/p>\n\n\n\n<p class=\"wp-block-paragraph\">Comiss\u00e3o t\u00e9cnica<br>Preparados. Assim se sentem os membros da comiss\u00e3o t\u00e9cnica liderada por Tite, o novo treinador do Flamengo. Estudaram, assistiram aos \u00faltimos jogos e iniciaram o processo de adapta\u00e7\u00e3o ao novo clube antes mesmo do acerto de pisarem no Ninho.<\/p>\n\n\n\n<p class=\"wp-block-paragraph\">O time de Tite come\u00e7ou a estudar o Flamengo h\u00e1 cerca de 10 dias, quando foram informados de que havia uma possibilidade consider\u00e1vel de acerto com o Rubro-Negro.<\/p>","protected":false},"excerpt":{"rendered":"<p>T\u00e9cnico da sele\u00e7\u00e3o de 2017 a 2022, Tite foi anunciado oficialmente pelo Rubro-Negro na noite de segunda-feira<\/p>","protected":false},"author":3,"featured_media":16780,"comment_status":"open","ping_status":"open","sticky":false,"template":"","format":"standard","meta":{"_crdt_document":"","footnotes":""},"categories":[6],"tags":[],"class_list":["post-16774","post","type-post","status-publish","format-standard","has-post-thumbnail","hentry","category-esportes"],"brizy_media":[],"_links":{"self":[{"href":"https:\/\/jornalcorporativo.com.br\/en\/wp-json\/wp\/v2\/posts\/16774","targetHints":{"allow":["GET"]}}],"collection":[{"href":"https:\/\/jornalcorporativo.com.br\/en\/wp-json\/wp\/v2\/posts"}],"about":[{"href":"https:\/\/jornalcorporativo.com.br\/en\/wp-json\/wp\/v2\/types\/post"}],"author":[{"embeddable":true,"href":"https:\/\/jornalcorporativo.com.br\/en\/wp-json\/wp\/v2\/users\/3"}],"replies":[{"embeddable":true,"href":"https:\/\/jornalcorporativo.com.br\/en\/wp-json\/wp\/v2\/comments?post=16774"}],"version-history":[{"count":0,"href":"https:\/\/jornalcorporativo.com.br\/en\/wp-json\/wp\/v2\/posts\/16774\/revisions"}],"wp:featuredmedia":[{"embeddable":true,"href":"https:\/\/jornalcorporativo.com.br\/en\/wp-json\/wp\/v2\/media\/16780"}],"wp:attachment":[{"href":"https:\/\/jornalcorporativo.com.br\/en\/wp-json\/wp\/v2\/media?parent=16774"}],"wp:term":[{"taxonomy":"category","embeddable":true,"href":"https:\/\/jornalcorporativo.com.br\/en\/wp-json\/wp\/v2\/categories?post=16774"},{"taxonomy":"post_tag","embeddable":true,"href":"https:\/\/jornalcorporativo.com.br\/en\/wp-json\/wp\/v2\/tags?post=16774"}],"curies":[{"name":"wp","href":"https:\/\/api.w.org\/{rel}","templated":true}]}}