{"id":17091,"date":"2023-11-09T17:59:03","date_gmt":"2023-11-09T20:59:03","guid":{"rendered":"https:\/\/jornalcorporativo.com.br\/?p=17091"},"modified":"2023-11-09T17:59:07","modified_gmt":"2023-11-09T20:59:07","slug":"novo-remedio-contra-queda-de-cabelo-e-aprovado-pela-anvisa-baricitinibe","status":"publish","type":"post","link":"https:\/\/jornalcorporativo.com.br\/en\/saude-natural\/novo-remedio-contra-queda-de-cabelo-e-aprovado-pela-anvisa-baricitinibe\/","title":{"rendered":"Novo rem\u00e9dio contra queda de cabelo \u00e9 aprovado pela Anvisa: baricitinibe"},"content":{"rendered":"<p class=\"wp-block-paragraph\">A Ag\u00eancia Nacional de Vigil\u00e2ncia Sanit\u00e1ria (Anvisa) aprovou em outubro o primeiro tratamento sistem\u00e1tico para alopecia areata, doen\u00e7a autoimune que provoca queda capilar.<\/p>\n\n\n\n<p class=\"wp-block-paragraph\">Isso quer dizer que o baricitinibe , tamb\u00e9m conhecido pelo nome comercial de Olumiant, poder\u00e1 ser administrado em pacientes adultos com o quadro grave da doen\u00e7a para o tratamento em todo o corpo, em vez de um local espec\u00edfico.<\/p>\n\n\n\n<p class=\"wp-block-paragraph\">Como se trata de uma nova indica\u00e7\u00e3o terap\u00eautica, o medicamento j\u00e1 est\u00e1 dispon\u00edvel. Em nota, a fabricante Eli Lilly do Brasil informou que a dosagem de 4 mg tem um pre\u00e7o m\u00e1ximo ao consumidor (PMC) de R$ 5.648,25, sem impostos.<\/p>\n\n\n\n<p class=\"wp-block-paragraph\">Em farm\u00e1cias online, por\u00e9m, o pre\u00e7o de varejo do medicamento tende a ser mais caro.<\/p>\n\n\n\n<p class=\"wp-block-paragraph\">De acordo com o FDA, a ag\u00eancia regulat\u00f3ria de sa\u00fade dos EUA, que tamb\u00e9m aprovou a indica\u00e7\u00e3o do Olumiant para a alopecia areata, a efic\u00e1cia e a seguran\u00e7a do baricitinibe foi estudada em diversas pesquisas. Um estudo chegou a comprovar pelo menos 80% de cobertura capilar do couro cabeludo em pacientes ap\u00f3s 36 semanas de tratamento.<\/p>\n\n\n\n<p class=\"wp-block-paragraph\">Outra pesquisa mostrou que 22% dos pacientes (de um total de 184) que receberam 2 miligramas do Olumiant e outros 35% (de um total de 281) que receberam 4 miligramas alcan\u00e7aram uma cobertura adequada do couro cabeludo. Por outro lado, apenas 5% dos pacientes (de um total de 189) dessa mesma pesquisa que receberam placebo (subst\u00e2ncias inertes) apresentaram o mesmo resultado.<\/p>\n\n\n\n<p class=\"wp-block-paragraph\">No Brasil, o Olumiant tamb\u00e9m \u00e9 aprovado para o tratamento de Covid-19 em certos adultos hospitalizados.<\/p>\n\n\n\n<p class=\"wp-block-paragraph\">Al\u00e9m disso, o baricitinibe tamb\u00e9m j\u00e1 tem registro para o tratamento de artrite reumatoide ativa moderada a grave e dermatite at\u00f3pica moderada a grave. No in\u00edcio de 2022, a droga tamb\u00e9m foi aprovada como o primeiro medicamento para o tratamento da Covid-19 no Sistema \u00danico de Sa\u00fade.<\/p>","protected":false},"excerpt":{"rendered":"<p>Ag\u00eancia aprovou indica\u00e7\u00e3o da droga para tratamento da alopecia areata, doen\u00e7a autoimune que provoca queda capilar<\/p>","protected":false},"author":3,"featured_media":17087,"comment_status":"open","ping_status":"open","sticky":false,"template":"","format":"standard","meta":{"_crdt_document":"","footnotes":""},"categories":[8],"tags":[],"class_list":["post-17091","post","type-post","status-publish","format-standard","has-post-thumbnail","hentry","category-saude-natural"],"brizy_media":[],"_links":{"self":[{"href":"https:\/\/jornalcorporativo.com.br\/en\/wp-json\/wp\/v2\/posts\/17091","targetHints":{"allow":["GET"]}}],"collection":[{"href":"https:\/\/jornalcorporativo.com.br\/en\/wp-json\/wp\/v2\/posts"}],"about":[{"href":"https:\/\/jornalcorporativo.com.br\/en\/wp-json\/wp\/v2\/types\/post"}],"author":[{"embeddable":true,"href":"https:\/\/jornalcorporativo.com.br\/en\/wp-json\/wp\/v2\/users\/3"}],"replies":[{"embeddable":true,"href":"https:\/\/jornalcorporativo.com.br\/en\/wp-json\/wp\/v2\/comments?post=17091"}],"version-history":[{"count":0,"href":"https:\/\/jornalcorporativo.com.br\/en\/wp-json\/wp\/v2\/posts\/17091\/revisions"}],"wp:featuredmedia":[{"embeddable":true,"href":"https:\/\/jornalcorporativo.com.br\/en\/wp-json\/wp\/v2\/media\/17087"}],"wp:attachment":[{"href":"https:\/\/jornalcorporativo.com.br\/en\/wp-json\/wp\/v2\/media?parent=17091"}],"wp:term":[{"taxonomy":"category","embeddable":true,"href":"https:\/\/jornalcorporativo.com.br\/en\/wp-json\/wp\/v2\/categories?post=17091"},{"taxonomy":"post_tag","embeddable":true,"href":"https:\/\/jornalcorporativo.com.br\/en\/wp-json\/wp\/v2\/tags?post=17091"}],"curies":[{"name":"wp","href":"https:\/\/api.w.org\/{rel}","templated":true}]}}