{"id":18852,"date":"2024-01-18T18:36:10","date_gmt":"2024-01-18T21:36:10","guid":{"rendered":"https:\/\/jornalcorporativo.com.br\/?p=18852"},"modified":"2024-01-18T18:36:14","modified_gmt":"2024-01-18T21:36:14","slug":"otan-convoca-90-mil-soldados-para-exercicio-militar","status":"publish","type":"post","link":"https:\/\/jornalcorporativo.com.br\/en\/internacional\/otan-convoca-90-mil-soldados-para-exercicio-militar\/","title":{"rendered":"Otan convoca 90 mil soldados para exerc\u00edcio militar"},"content":{"rendered":"<p class=\"wp-block-paragraph\">A Organiza\u00e7\u00e3o do Tratado do Atl\u00e2ntico Norte (Otan) anunciou nesta quinta-feira (18) que vai convocar 90 mil soldados de pa\u00edses membros da alian\u00e7a e da Su\u00e9cia. A convoca\u00e7\u00e3o \u00e9 a maior feita pela Otan desde a Guerra Fria.<\/p>\n\n\n\n<p class=\"wp-block-paragraph\">Os militares participar\u00e3o de uma s\u00e9rie de exerc\u00edcios conjuntos que trabalhar\u00e3o com o cen\u00e1rio de um &#8220;ataque russo&#8221;, segundo o comandante-geral da Otan na Europa, o general Christopher Cavoli.<\/p>\n\n\n\n<p class=\"wp-block-paragraph\">Os exerc\u00edcios come\u00e7ar\u00e3o na semana que vem e durar\u00e3o at\u00e9 meados de maio, segundo o comandante. E ter\u00e3o a coopera\u00e7\u00e3o de soldados da Su\u00e9cia, pa\u00eds que ainda n\u00e3o faz parte da alian\u00e7a, mas j\u00e1 solicitou formalmente o ingresso no grupo.<\/p>\n\n\n\n<p class=\"wp-block-paragraph\">&#8220;A alian\u00e7a vai demonstrar sua habilidade para refor\u00e7ar a regi\u00e3o do Atl\u00e2ntico e da Europa com um movimento transatl\u00e2ntico de for\u00e7as&#8221;, disse Cavoli.<\/p>\n\n\n\n<p class=\"wp-block-paragraph\">O comandante afirmou que as manobras n\u00e3o t\u00eam uma motiva\u00e7\u00e3o espec\u00edfica e acontecem como parte de exerc\u00edcios anuais da alian\u00e7a. Mas disse tamb\u00e9m que a convoca\u00e7\u00e3o das manobras deste ano s\u00e3o as maiores desde 1988, quando, em plena Guerra Fria, a alian\u00e7a mobilizou 125 mil soldados.<\/p>\n\n\n\n<p class=\"wp-block-paragraph\">Ainda segundo Cavoli, as tropas este ano simular\u00e3o uma invas\u00e3o russa a um dos pa\u00edses membros. Em uma das simula\u00e7\u00f5es, os militares treinar\u00e3o um deslocamento r\u00e1pido para a Pol\u00f4nia, pa\u00eds membro da Otan e vizinha da Ucr\u00e2nia.<\/p>\n\n\n\n<p class=\"wp-block-paragraph\">Em outro momento do treinamento, os soldados ir\u00e3o aos pa\u00edses que fazem fronteira com a R\u00fassia, como a Noruega e os pa\u00edses b\u00e1lticos &#8211; Let\u00f4nia e a Litu\u00e2nia -, que tamb\u00e9m integram a Otan.<\/p>\n\n\n\n<p class=\"wp-block-paragraph\">Segundo a Otan, para o exerc\u00edcio militar ser\u00e3o mobilizados mais de 1.200 ve\u00edculos de combate:<br>Ao menos 50 navios, de porta-avi\u00f5es a destr\u00f3ieres;<br>Mais de 80 ca\u00e7as, helic\u00f3pteros e drones;<br>Pelo menos 1.100 ve\u00edculos de combate, incluindo 133 tanques e 533 ve\u00edculos de combate de infantaria.<\/p>\n\n\n\n<p class=\"wp-block-paragraph\">A Otan, alian\u00e7a das For\u00e7as Armadas de 31 pa\u00edses do Ocidente, entre eles os Estados Unidos, prev\u00ea que uma invas\u00e3o a qualquer um dos membros implica automaticamente em uma resposta de tropas de todos os outros membros do grupo.<\/p>","protected":false},"excerpt":{"rendered":"<p>Alian\u00e7a militar do Ocidente convoca 90 mil soldados de pa\u00edses membros e da Su\u00e9cia para primeiro exerc\u00edcio militar de 2024<\/p>","protected":false},"author":3,"featured_media":18844,"comment_status":"open","ping_status":"open","sticky":false,"template":"","format":"standard","meta":{"_crdt_document":"","footnotes":""},"categories":[2],"tags":[],"class_list":["post-18852","post","type-post","status-publish","format-standard","has-post-thumbnail","hentry","category-internacional"],"brizy_media":[],"_links":{"self":[{"href":"https:\/\/jornalcorporativo.com.br\/en\/wp-json\/wp\/v2\/posts\/18852","targetHints":{"allow":["GET"]}}],"collection":[{"href":"https:\/\/jornalcorporativo.com.br\/en\/wp-json\/wp\/v2\/posts"}],"about":[{"href":"https:\/\/jornalcorporativo.com.br\/en\/wp-json\/wp\/v2\/types\/post"}],"author":[{"embeddable":true,"href":"https:\/\/jornalcorporativo.com.br\/en\/wp-json\/wp\/v2\/users\/3"}],"replies":[{"embeddable":true,"href":"https:\/\/jornalcorporativo.com.br\/en\/wp-json\/wp\/v2\/comments?post=18852"}],"version-history":[{"count":0,"href":"https:\/\/jornalcorporativo.com.br\/en\/wp-json\/wp\/v2\/posts\/18852\/revisions"}],"wp:featuredmedia":[{"embeddable":true,"href":"https:\/\/jornalcorporativo.com.br\/en\/wp-json\/wp\/v2\/media\/18844"}],"wp:attachment":[{"href":"https:\/\/jornalcorporativo.com.br\/en\/wp-json\/wp\/v2\/media?parent=18852"}],"wp:term":[{"taxonomy":"category","embeddable":true,"href":"https:\/\/jornalcorporativo.com.br\/en\/wp-json\/wp\/v2\/categories?post=18852"},{"taxonomy":"post_tag","embeddable":true,"href":"https:\/\/jornalcorporativo.com.br\/en\/wp-json\/wp\/v2\/tags?post=18852"}],"curies":[{"name":"wp","href":"https:\/\/api.w.org\/{rel}","templated":true}]}}