{"id":18858,"date":"2024-01-18T18:38:45","date_gmt":"2024-01-18T21:38:45","guid":{"rendered":"https:\/\/jornalcorporativo.com.br\/?p=18858"},"modified":"2024-01-18T18:38:49","modified_gmt":"2024-01-18T21:38:49","slug":"mais-de-um-terco-dos-municipios-tem-moradores-em-areas-de-risco-de-desastres","status":"publish","type":"post","link":"https:\/\/jornalcorporativo.com.br\/en\/brasil\/mais-de-um-terco-dos-municipios-tem-moradores-em-areas-de-risco-de-desastres\/","title":{"rendered":"Mais de um ter\u00e7o dos munic\u00edpios t\u00eam moradores em \u00e1reas de risco de desastres"},"content":{"rendered":"<p class=\"wp-block-paragraph\">Um estudo desenvolvido pelo governo federal identificou que 1.942 munic\u00edpios \u2014 mais de um ter\u00e7o do total \u2014 t\u00eam moradores em \u00e1reas consideradas suscet\u00edveis a desastres naturais, como deslizamentos, enxurradas e inunda\u00e7\u00f5es.<\/p>\n\n\n\n<p class=\"wp-block-paragraph\">O registro \u00e9 quase 140% maior do que o levantado pelo governo federal h\u00e1 12 anos. \u00c0 \u00e9poca, 821 munic\u00edpios foram listados como suscet\u00edveis a estragos causados por fen\u00f4menos naturais.<\/p>\n\n\n\n<p class=\"wp-block-paragraph\">De acordo com o mais recente levantamento, 8,9 milh\u00f5es de pessoas moram em regi\u00f5es consideradas de risco nessas cidades.<\/p>\n\n\n\n<p class=\"wp-block-paragraph\">Os n\u00fameros integram um documento conjunto da Casa Civil e dos minist\u00e9rios do Desenvolvimento Regional, das Cidades, da Ci\u00eancia e Tecnologia, de Minas e Energia e do Meio Ambiente.<\/p>\n\n\n\n<p class=\"wp-block-paragraph\">As informa\u00e7\u00f5es devem municiar o direcionamento de recursos do governo federal para a Defesa Civil e o desenvolvimento de a\u00e7\u00f5es, como o Plano Nacional de Prote\u00e7\u00e3o e Defesa Civil.<\/p>\n\n\n\n<p class=\"wp-block-paragraph\">O estudo aponta que as Regi\u00f5es Sudeste e Nordeste t\u00eam o maior n\u00famero de munic\u00edpios com \u00e1reas de risco.<\/p>\n\n\n\n<p class=\"wp-block-paragraph\">Minas Gerais \u00e9 o estado com o maior registro de cidades na lista (283), e S\u00e3o Paulo tem a maior popula\u00e7\u00e3o exposta a \u00e1reas suscet\u00edveis a desastres naturais (1.552.836).<\/p>\n\n\n\n<p class=\"wp-block-paragraph\">A Regi\u00e3o Centro-Oeste tem o menor percentual de registro de eventos e de pessoas expostas aos riscos.<\/p>\n\n\n\n<p class=\"wp-block-paragraph\">Os dados utilizados pelo levantamento n\u00e3o consideram eventos ocorridos em 2023. Segundo o estudo, a lista de cidades com \u00e1reas de risco \u00e9 &#8220;din\u00e2mica, podendo passar por altera\u00e7\u00f5es \u00e0 medida que novos eventos ocorram e que as bases de dados sejam atualizadas&#8221;.<\/p>\n\n\n\n<p class=\"wp-block-paragraph\">Para a constru\u00e7\u00e3o da lista, o governo levou em considera\u00e7\u00e3o:<br>lista de munic\u00edpios cr\u00edticos de 2012;<br>registro de \u00f3bitos entre 1991 e 2022;<br>registros de eventos entre 1991 e 2022;<br>desalojados ou desabrigados no per\u00edodo de 1991 a 2022;<br>estimativa de popula\u00e7\u00e3o em \u00e1reas mapeadas com riscos geo-hidrol\u00f3gicos;<br>vulnerabilidade a inunda\u00e7\u00f5es da Ag\u00eancia Nacional de \u00c1guas;<br>e dias de chuvas acima de 50 mm, de 1981 a 2022.<\/p>","protected":false},"excerpt":{"rendered":"<p>Documento de minist\u00e9rios do governo federal identificou 1.942 cidades com regi\u00f5es suscet\u00edveis a deslizamentos, enxurradas e inunda\u00e7\u00f5es<\/p>","protected":false},"author":3,"featured_media":18842,"comment_status":"open","ping_status":"open","sticky":false,"template":"","format":"standard","meta":{"_crdt_document":"","footnotes":""},"categories":[36],"tags":[],"class_list":["post-18858","post","type-post","status-publish","format-standard","has-post-thumbnail","hentry","category-brasil"],"brizy_media":[],"_links":{"self":[{"href":"https:\/\/jornalcorporativo.com.br\/en\/wp-json\/wp\/v2\/posts\/18858","targetHints":{"allow":["GET"]}}],"collection":[{"href":"https:\/\/jornalcorporativo.com.br\/en\/wp-json\/wp\/v2\/posts"}],"about":[{"href":"https:\/\/jornalcorporativo.com.br\/en\/wp-json\/wp\/v2\/types\/post"}],"author":[{"embeddable":true,"href":"https:\/\/jornalcorporativo.com.br\/en\/wp-json\/wp\/v2\/users\/3"}],"replies":[{"embeddable":true,"href":"https:\/\/jornalcorporativo.com.br\/en\/wp-json\/wp\/v2\/comments?post=18858"}],"version-history":[{"count":0,"href":"https:\/\/jornalcorporativo.com.br\/en\/wp-json\/wp\/v2\/posts\/18858\/revisions"}],"wp:featuredmedia":[{"embeddable":true,"href":"https:\/\/jornalcorporativo.com.br\/en\/wp-json\/wp\/v2\/media\/18842"}],"wp:attachment":[{"href":"https:\/\/jornalcorporativo.com.br\/en\/wp-json\/wp\/v2\/media?parent=18858"}],"wp:term":[{"taxonomy":"category","embeddable":true,"href":"https:\/\/jornalcorporativo.com.br\/en\/wp-json\/wp\/v2\/categories?post=18858"},{"taxonomy":"post_tag","embeddable":true,"href":"https:\/\/jornalcorporativo.com.br\/en\/wp-json\/wp\/v2\/tags?post=18858"}],"curies":[{"name":"wp","href":"https:\/\/api.w.org\/{rel}","templated":true}]}}